{"id":9672,"date":"2023-11-07T17:42:57","date_gmt":"2023-11-07T22:42:57","guid":{"rendered":"https:\/\/zaracaytv.com\/?p=9672"},"modified":"2023-11-07T17:59:35","modified_gmt":"2023-11-07T22:59:35","slug":"9672","status":"publish","type":"post","link":"https:\/\/zaracaytv.com\/?p=9672","title":{"rendered":"13 UNIDADES EDUCATIVAS PARTICIPARON EN EL DESFILE CULTURAL POR FIESTAS DE PROVINCIALIZACI\u00d3N"},"content":{"rendered":"<body><p><\/p><span style=\"font-weight: 400;\"><img loading=\"lazy\" decoding=\"async\" class=\"size-medium wp-image-9674 alignleft\" src=\"https:\/\/zaracaytv.com\/wp-content\/uploads\/2023\/11\/DESFILE-CIVICO-MILITAR-1-300x169.jpg\" alt=\"\" width=\"300\" height=\"169\" loading=\"lazy\" srcset=\"https:\/\/zaracaytv.com\/wp-content\/uploads\/2023\/11\/DESFILE-CIVICO-MILITAR-1-300x169.jpg 300w, https:\/\/zaracaytv.com\/wp-content\/uploads\/2023\/11\/DESFILE-CIVICO-MILITAR-1-1024x576.jpg 1024w, https:\/\/zaracaytv.com\/wp-content\/uploads\/2023\/11\/DESFILE-CIVICO-MILITAR-1-768x432.jpg 768w, https:\/\/zaracaytv.com\/wp-content\/uploads\/2023\/11\/DESFILE-CIVICO-MILITAR-1-1536x864.jpg 1536w, https:\/\/zaracaytv.com\/wp-content\/uploads\/2023\/11\/DESFILE-CIVICO-MILITAR-1-570x321.jpg 570w, https:\/\/zaracaytv.com\/wp-content\/uploads\/2023\/11\/DESFILE-CIVICO-MILITAR-1-270x152.jpg 270w, https:\/\/zaracaytv.com\/wp-content\/uploads\/2023\/11\/DESFILE-CIVICO-MILITAR-1.jpg 1920w\" sizes=\"auto, (max-width: 300px) 100vw, 300px\" \/>Con gran porte y elegancia estudiantes de 13 unidades educativas participaron en el desfile cultural en conmemoraci\u00f3n a los 16 a\u00f1os de provincializaci\u00f3n de Santo Domingo de los Ts\u00e1chilas. En cada nota entonada por el tambor, los bombos y las liras los j\u00f3venes rend\u00edan homenaje a la provincia por un a\u00f1o m\u00e1s de aniversario. Este evento form\u00f3 parte del cierre del cronograma de fiestas.\u00a0<\/span>\n<p><span style=\"font-weight: 400;\">El 06 de noviembre tambi\u00e9n se conmemoran 124 a\u00f1os de la colonizaci\u00f3n de Santo Domingo.<\/span><\/p>\n<p><span style=\"font-weight: 400;\">En tan importante evento la ciudadan\u00eda ocup\u00f3 todas las veredas a lo largo de la avenida de Los Ts\u00e1chilas. Es una costumbre que a\u00f1o tras a\u00f1o presencian y de esa manera rinden loor a la provincia en su aniversario.<\/span><\/p>\n<p><span style=\"font-weight: 400;\">Los j\u00f3venes son la nueva generaci\u00f3n que tiene en sus manos y mente la labor de seguir construyendo la provincia en todos sus \u00e1mbitos.\u00a0<\/span><\/p>\n<p><span style=\"font-weight: 400;\">Con m\u00e1s de 70 actividades se rindi\u00f3 homenaje a Santo Domingo de los Ts\u00e1chilas en sus 16 a\u00f1os de provincializaci\u00f3n. Loor a la tierra que nos vio nacer.<\/span><\/p>\n<p><iframe title=\"13 unidades educativas participaron en el Desfile Cultural por fiestas de provincializaci\u00f3n\" width=\"800\" height=\"450\" src=\"https:\/\/www.youtube.com\/embed\/fEgu6-V8LqA?feature=oembed\" frameborder=\"0\" allow=\"accelerometer; autoplay; clipboard-write; encrypted-media; gyroscope; picture-in-picture; web-share\" allowfullscreen><\/iframe><\/p>\n<\/body>","protected":false},"excerpt":{"rendered":"<p>Con gran porte y elegancia estudiantes de 13 unidades educativas participaron en el desfile cultural en conmemoraci\u00f3n a los 16 a\u00f1os de provincializaci\u00f3n de Santo Domingo de los Ts\u00e1chilas. En cada nota entonada por el tambor, los bombos y las liras los j\u00f3venes rend\u00edan homenaje a la provincia por un a\u00f1o m\u00e1s de aniversario. Este [&hellip;]<\/p>\n","protected":false},"author":4,"featured_media":9674,"comment_status":"closed","ping_status":"closed","sticky":false,"template":"","format":"standard","meta":{"om_disable_all_campaigns":false,"_joinchat":[],"footnotes":""},"categories":[31],"tags":[],"class_list":["post-9672","post","type-post","status-publish","format-standard","has-post-thumbnail","hentry","category-la-region"],"_links":{"self":[{"href":"https:\/\/zaracaytv.com\/index.php?rest_route=\/wp\/v2\/posts\/9672","targetHints":{"allow":["GET"]}}],"collection":[{"href":"https:\/\/zaracaytv.com\/index.php?rest_route=\/wp\/v2\/posts"}],"about":[{"href":"https:\/\/zaracaytv.com\/index.php?rest_route=\/wp\/v2\/types\/post"}],"author":[{"embeddable":true,"href":"https:\/\/zaracaytv.com\/index.php?rest_route=\/wp\/v2\/users\/4"}],"replies":[{"embeddable":true,"href":"https:\/\/zaracaytv.com\/index.php?rest_route=%2Fwp%2Fv2%2Fcomments&post=9672"}],"version-history":[{"count":2,"href":"https:\/\/zaracaytv.com\/index.php?rest_route=\/wp\/v2\/posts\/9672\/revisions"}],"predecessor-version":[{"id":9676,"href":"https:\/\/zaracaytv.com\/index.php?rest_route=\/wp\/v2\/posts\/9672\/revisions\/9676"}],"wp:featuredmedia":[{"embeddable":true,"href":"https:\/\/zaracaytv.com\/index.php?rest_route=\/wp\/v2\/media\/9674"}],"wp:attachment":[{"href":"https:\/\/zaracaytv.com\/index.php?rest_route=%2Fwp%2Fv2%2Fmedia&parent=9672"}],"wp:term":[{"taxonomy":"category","embeddable":true,"href":"https:\/\/zaracaytv.com\/index.php?rest_route=%2Fwp%2Fv2%2Fcategories&post=9672"},{"taxonomy":"post_tag","embeddable":true,"href":"https:\/\/zaracaytv.com\/index.php?rest_route=%2Fwp%2Fv2%2Ftags&post=9672"}],"curies":[{"name":"wp","href":"https:\/\/api.w.org\/{rel}","templated":true}]}}