{"id":9656,"date":"2023-11-03T10:00:39","date_gmt":"2023-11-03T15:00:39","guid":{"rendered":"https:\/\/zaracaytv.com\/?p=9656"},"modified":"2023-11-01T21:55:36","modified_gmt":"2023-11-02T02:55:36","slug":"miembros-del-ejercito-ecuatoriano-resguardaran-las-vias-estatales-de-santo-domingo-de-los-tsachilas","status":"publish","type":"post","link":"https:\/\/zaracaytv.com\/?p=9656","title":{"rendered":"MIEMBROS DEL EJ\u00c9RCITO ECUATORIANO RESGUARDAR\u00c1N LAS V\u00cdAS ESTATALES DE SANTO DOMINGO DE LOS TS\u00c1CHILAS"},"content":{"rendered":"<body><p><\/p><span style=\"font-weight: 400;\"><img loading=\"lazy\" decoding=\"async\" class=\"size-medium wp-image-9657 alignleft\" src=\"https:\/\/zaracaytv.com\/wp-content\/uploads\/2023\/11\/MILITARESSS-300x184.jpg\" alt=\"\" width=\"300\" height=\"184\" loading=\"lazy\" srcset=\"https:\/\/zaracaytv.com\/wp-content\/uploads\/2023\/11\/MILITARESSS-300x184.jpg 300w, https:\/\/zaracaytv.com\/wp-content\/uploads\/2023\/11\/MILITARESSS-1024x628.jpg 1024w, https:\/\/zaracaytv.com\/wp-content\/uploads\/2023\/11\/MILITARESSS-768x471.jpg 768w, https:\/\/zaracaytv.com\/wp-content\/uploads\/2023\/11\/MILITARESSS-1536x941.jpg 1536w, https:\/\/zaracaytv.com\/wp-content\/uploads\/2023\/11\/MILITARESSS-538x330.jpg 538w, https:\/\/zaracaytv.com\/wp-content\/uploads\/2023\/11\/MILITARESSS-270x165.jpg 270w, https:\/\/zaracaytv.com\/wp-content\/uploads\/2023\/11\/MILITARESSS.jpg 1581w\" sizes=\"auto, (max-width: 300px) 100vw, 300px\" \/>Ante la inseguridad que registra Santo Domingo de los Ts\u00e1chilas los militares desplegaron operativos de control en varias v\u00edas estatales. Revisaron veh\u00edculos y personas, tambi\u00e9n realizaron controles de armas y de sustancias. Esto tras tener el mayor \u00edndice en delitos como secuestros y robos en estos accesos, manifest\u00f3 Kl\u00e9ber Madrid, jefe de operaciones, quien agreg\u00f3 que en este feriado se intensificar\u00e1n los operativos las 24 horas.<\/span>\n<p><span style=\"font-weight: 400;\">Desde este lunes 30 de octubre arrancaron los operativos en conjunto con agentes de tr\u00e1nsito. Estos controles son parte del estado de excepci\u00f3n que actualmente rige en el Ecuador. \u00c1ngel Curillo, jefe de control, enfatiz\u00f3 que tienen identificados los puntos vulnerables.<\/span><\/p>\n<p><span style=\"font-weight: 400;\">Los ciudadanos manifiestan que es importante colaborar con los controles y que se deben realizar m\u00e1s operativos por la seguridad de todos. Algunos expresaron que ya han sufrido de asaltos en las v\u00edas.<\/span><\/p>\n<p><span style=\"font-weight: 400;\">Estos operativos se desarrollar\u00e1n tambi\u00e9n en conjunto con la polic\u00eda nacional y agentes de tr\u00e1nsito haciendo \u00e9nfasis en los horarios nocturnos donde los antisociales acechan m\u00e1s a los ciudadanos. Este proceso tambi\u00e9n se realiza mediante intercomunicaci\u00f3n con otras provincias aleda\u00f1as para reforzar la seguridad.<\/span><\/p>\n<p>\u00a0<\/p>\n<p><iframe title=\"Miembros del ej\u00e9rcito ecuatoriano resguardar\u00e1n las v\u00edas estatales de Santo Domingo de los Ts\u00e1chilas\" width=\"800\" height=\"450\" src=\"https:\/\/www.youtube.com\/embed\/Zzyb6RDXeLU?feature=oembed\" frameborder=\"0\" allow=\"accelerometer; autoplay; clipboard-write; encrypted-media; gyroscope; picture-in-picture; web-share\" allowfullscreen><\/iframe><\/p>\n<\/body>","protected":false},"excerpt":{"rendered":"<p>Ante la inseguridad que registra Santo Domingo de los Ts\u00e1chilas los militares desplegaron operativos de control en varias v\u00edas estatales. Revisaron veh\u00edculos y personas, tambi\u00e9n realizaron controles de armas y de sustancias. Esto tras tener el mayor \u00edndice en delitos como secuestros y robos en estos accesos, manifest\u00f3 Kl\u00e9ber Madrid, jefe de operaciones, quien agreg\u00f3 [&hellip;]<\/p>\n","protected":false},"author":4,"featured_media":9657,"comment_status":"closed","ping_status":"closed","sticky":false,"template":"","format":"standard","meta":{"om_disable_all_campaigns":false,"_joinchat":[],"footnotes":""},"categories":[31],"tags":[],"class_list":["post-9656","post","type-post","status-publish","format-standard","has-post-thumbnail","hentry","category-la-region"],"_links":{"self":[{"href":"https:\/\/zaracaytv.com\/index.php?rest_route=\/wp\/v2\/posts\/9656","targetHints":{"allow":["GET"]}}],"collection":[{"href":"https:\/\/zaracaytv.com\/index.php?rest_route=\/wp\/v2\/posts"}],"about":[{"href":"https:\/\/zaracaytv.com\/index.php?rest_route=\/wp\/v2\/types\/post"}],"author":[{"embeddable":true,"href":"https:\/\/zaracaytv.com\/index.php?rest_route=\/wp\/v2\/users\/4"}],"replies":[{"embeddable":true,"href":"https:\/\/zaracaytv.com\/index.php?rest_route=%2Fwp%2Fv2%2Fcomments&post=9656"}],"version-history":[{"count":1,"href":"https:\/\/zaracaytv.com\/index.php?rest_route=\/wp\/v2\/posts\/9656\/revisions"}],"predecessor-version":[{"id":9658,"href":"https:\/\/zaracaytv.com\/index.php?rest_route=\/wp\/v2\/posts\/9656\/revisions\/9658"}],"wp:featuredmedia":[{"embeddable":true,"href":"https:\/\/zaracaytv.com\/index.php?rest_route=\/wp\/v2\/media\/9657"}],"wp:attachment":[{"href":"https:\/\/zaracaytv.com\/index.php?rest_route=%2Fwp%2Fv2%2Fmedia&parent=9656"}],"wp:term":[{"taxonomy":"category","embeddable":true,"href":"https:\/\/zaracaytv.com\/index.php?rest_route=%2Fwp%2Fv2%2Fcategories&post=9656"},{"taxonomy":"post_tag","embeddable":true,"href":"https:\/\/zaracaytv.com\/index.php?rest_route=%2Fwp%2Fv2%2Ftags&post=9656"}],"curies":[{"name":"wp","href":"https:\/\/api.w.org\/{rel}","templated":true}]}}