{"id":9653,"date":"2023-11-01T21:30:05","date_gmt":"2023-11-02T02:30:05","guid":{"rendered":"https:\/\/zaracaytv.com\/?p=9653"},"modified":"2023-11-01T21:30:05","modified_gmt":"2023-11-02T02:30:05","slug":"av-tsachila-sera-peatonal-desde-las-0600-del-02-de-noviembre-en-santo-domingo","status":"publish","type":"post","link":"https:\/\/zaracaytv.com\/?p=9653","title":{"rendered":"AV. TS\u00c1CHILA SER\u00c1 PEATONAL DESDE LAS 06:00 DEL 02 DE NOVIEMBRE EN SANTO DOMINGO"},"content":{"rendered":"<body><p><\/p><img loading=\"lazy\" decoding=\"async\" class=\"size-medium wp-image-9654 alignleft\" src=\"https:\/\/zaracaytv.com\/wp-content\/uploads\/2023\/11\/COMERCIO-ADS-300x164.jpg\" alt=\"\" width=\"300\" height=\"164\" loading=\"lazy\" srcset=\"https:\/\/zaracaytv.com\/wp-content\/uploads\/2023\/11\/COMERCIO-ADS-300x164.jpg 300w, https:\/\/zaracaytv.com\/wp-content\/uploads\/2023\/11\/COMERCIO-ADS-1024x561.jpg 1024w, https:\/\/zaracaytv.com\/wp-content\/uploads\/2023\/11\/COMERCIO-ADS-768x420.jpg 768w, https:\/\/zaracaytv.com\/wp-content\/uploads\/2023\/11\/COMERCIO-ADS-570x312.jpg 570w, https:\/\/zaracaytv.com\/wp-content\/uploads\/2023\/11\/COMERCIO-ADS-270x148.jpg 270w, https:\/\/zaracaytv.com\/wp-content\/uploads\/2023\/11\/COMERCIO-ADS.jpg 1527w\" sizes=\"auto, (max-width: 300px) 100vw, 300px\" \/>Ya est\u00e1n marcados los espacios que ocupar\u00e1n los comerciantes que se ubicar\u00e1n en la Avenida Ts\u00e1chila, en los exteriores del Cementerio Central, como es habitual, cada a\u00f1o, por el D\u00eda de los Difuntos. En esta ocasi\u00f3n, 70 comerciantes se dedicar\u00e1n al expendio de productos afines a la fecha, en espacios de 10 metros cuadrados.\n<p>A esto se suma el contingente de 30 agentes de control municipal que estar\u00e1n de manera permanente para controlar el desarrollo de las actividades y as\u00ed como evitar que prolifere el comercio informal o no autorizado. Una situaci\u00f3n que se convierte en un reto para las autoridades cada a\u00f1o.<\/p>\n<p>La avenida Ts\u00e1chila estar\u00e1 cerrada en el tramo desde el redondel de Monse\u00f1or Emilio Lorenzo Sthele hasta la Avenida R\u00edo Zamora, lo que implica que los conductores deben parquear los veh\u00edculos en las calles transversales y buscar v\u00edas alternas si solo va a transitar por la zona.<\/p>\n<p>El cierre de esta avenida principal inicia este jueves 2 desde las 06h00 de la ma\u00f1ana y se extender\u00e1 hasta el viernes 03 de noviembre.<\/p>\n<p>\u00a0<\/p>\n<p><iframe title=\"Av. Ts\u00e1chila ser\u00e1 peatonal desde las 06:00 del 02 de noviembre en Santo Domingo\" width=\"800\" height=\"450\" src=\"https:\/\/www.youtube.com\/embed\/Ul5lvo4XWbM?feature=oembed\" frameborder=\"0\" allow=\"accelerometer; autoplay; clipboard-write; encrypted-media; gyroscope; picture-in-picture; web-share\" allowfullscreen><\/iframe><\/p>\n<\/body>","protected":false},"excerpt":{"rendered":"<p>Ya est\u00e1n marcados los espacios que ocupar\u00e1n los comerciantes que se ubicar\u00e1n en la Avenida Ts\u00e1chila, en los exteriores del Cementerio Central, como es habitual, cada a\u00f1o, por el D\u00eda de los Difuntos. En esta ocasi\u00f3n, 70 comerciantes se dedicar\u00e1n al expendio de productos afines a la fecha, en espacios de 10 metros cuadrados. A [&hellip;]<\/p>\n","protected":false},"author":4,"featured_media":9654,"comment_status":"closed","ping_status":"closed","sticky":false,"template":"","format":"standard","meta":{"om_disable_all_campaigns":false,"_joinchat":[],"footnotes":""},"categories":[31],"tags":[],"class_list":["post-9653","post","type-post","status-publish","format-standard","has-post-thumbnail","hentry","category-la-region"],"_links":{"self":[{"href":"https:\/\/zaracaytv.com\/index.php?rest_route=\/wp\/v2\/posts\/9653","targetHints":{"allow":["GET"]}}],"collection":[{"href":"https:\/\/zaracaytv.com\/index.php?rest_route=\/wp\/v2\/posts"}],"about":[{"href":"https:\/\/zaracaytv.com\/index.php?rest_route=\/wp\/v2\/types\/post"}],"author":[{"embeddable":true,"href":"https:\/\/zaracaytv.com\/index.php?rest_route=\/wp\/v2\/users\/4"}],"replies":[{"embeddable":true,"href":"https:\/\/zaracaytv.com\/index.php?rest_route=%2Fwp%2Fv2%2Fcomments&post=9653"}],"version-history":[{"count":1,"href":"https:\/\/zaracaytv.com\/index.php?rest_route=\/wp\/v2\/posts\/9653\/revisions"}],"predecessor-version":[{"id":9655,"href":"https:\/\/zaracaytv.com\/index.php?rest_route=\/wp\/v2\/posts\/9653\/revisions\/9655"}],"wp:featuredmedia":[{"embeddable":true,"href":"https:\/\/zaracaytv.com\/index.php?rest_route=\/wp\/v2\/media\/9654"}],"wp:attachment":[{"href":"https:\/\/zaracaytv.com\/index.php?rest_route=%2Fwp%2Fv2%2Fmedia&parent=9653"}],"wp:term":[{"taxonomy":"category","embeddable":true,"href":"https:\/\/zaracaytv.com\/index.php?rest_route=%2Fwp%2Fv2%2Fcategories&post=9653"},{"taxonomy":"post_tag","embeddable":true,"href":"https:\/\/zaracaytv.com\/index.php?rest_route=%2Fwp%2Fv2%2Ftags&post=9653"}],"curies":[{"name":"wp","href":"https:\/\/api.w.org\/{rel}","templated":true}]}}