{"id":7824,"date":"2023-08-10T20:38:29","date_gmt":"2023-08-11T01:38:29","guid":{"rendered":"https:\/\/zaracaytv.com\/?p=7824"},"modified":"2023-08-10T20:38:29","modified_gmt":"2023-08-11T01:38:29","slug":"el-asesinato-de-fernando-villavicencio-genera-rechazo-en-contra-del-sistema-de-seguridad","status":"publish","type":"post","link":"https:\/\/zaracaytv.com\/?p=7824","title":{"rendered":"EL ASESINATO DE FERNANDO VILLAVICENCIO GENERA RECHAZO EN CONTRA DEL SISTEMA DE SEGURIDAD"},"content":{"rendered":"<body><p><\/p><span style=\"font-weight: 400;\">Hay consternaci\u00f3n en los partidos y movimientos pol\u00edticos tras el asesinato del candidato presidencial Fernando Villavicencio. Varios de ellos decidieron pausar sus actividades en territorio, aducen que el gobierno no les proporciona la suficiente seguridad.\u00a0<\/span>\n<p><span style=\"font-weight: 400;\"><img loading=\"lazy\" decoding=\"async\" class=\"size-medium wp-image-7825 alignleft\" src=\"https:\/\/zaracaytv.com\/wp-content\/uploads\/2023\/08\/REACCIONES-FRENTE-AL-ASESINATO-DE-VILLAVICENCIO-OK-300x169.jpg\" alt=\"\" width=\"300\" height=\"169\" loading=\"lazy\" srcset=\"https:\/\/zaracaytv.com\/wp-content\/uploads\/2023\/08\/REACCIONES-FRENTE-AL-ASESINATO-DE-VILLAVICENCIO-OK-300x169.jpg 300w, https:\/\/zaracaytv.com\/wp-content\/uploads\/2023\/08\/REACCIONES-FRENTE-AL-ASESINATO-DE-VILLAVICENCIO-OK-1024x576.jpg 1024w, https:\/\/zaracaytv.com\/wp-content\/uploads\/2023\/08\/REACCIONES-FRENTE-AL-ASESINATO-DE-VILLAVICENCIO-OK-768x432.jpg 768w, https:\/\/zaracaytv.com\/wp-content\/uploads\/2023\/08\/REACCIONES-FRENTE-AL-ASESINATO-DE-VILLAVICENCIO-OK-1536x864.jpg 1536w, https:\/\/zaracaytv.com\/wp-content\/uploads\/2023\/08\/REACCIONES-FRENTE-AL-ASESINATO-DE-VILLAVICENCIO-OK-570x321.jpg 570w, https:\/\/zaracaytv.com\/wp-content\/uploads\/2023\/08\/REACCIONES-FRENTE-AL-ASESINATO-DE-VILLAVICENCIO-OK-270x152.jpg 270w, https:\/\/zaracaytv.com\/wp-content\/uploads\/2023\/08\/REACCIONES-FRENTE-AL-ASESINATO-DE-VILLAVICENCIO-OK.jpg 1920w\" sizes=\"auto, (max-width: 300px) 100vw, 300px\" \/>Por su parte la concejal Liliana Silva, se\u00f1al\u00f3 que desde la municipalidad de Santo Domingo presentar\u00e1n una propuesta de Ordenanza para que las autoridades del cant\u00f3n cuenten con resguardo policial. As\u00ed mismo, rechaz\u00f3 todo tipo de violencia pol\u00edtica.\u00a0<\/span><\/p>\n<p><span style=\"font-weight: 400;\">Paulina Mogrovejo y Geomara Rodr\u00edguez, candidatas a la asamblea nacional por Santo Domingo de los Ts\u00e1chilas, manifestaron que estos hechos violentos responder\u00edan a la poca efectividad de respuesta que tiene el gobierno, adem\u00e1s, coinciden que desde la Gobernaci\u00f3n y la Municipalidad se debe decretar a la provincia en emergencia.\u00a0<\/span><\/p>\n<p><span style=\"font-weight: 400;\">Entre las elecciones seccionales y nacionales de este 2023, algunos candidatos\u00a0 y autoridades han sufrido atentados y otros han sido asesinados, las muertes m\u00e1s recientes fueron las del Alcalde de Manta, de Rider S\u00e1nchez y la de Fernando Villavicencio.\u00a0<\/span><\/p>\n<p><iframe title=\"El asesinato de Fernando Villavicencio genera rechazo en contra del sistema de seguridad\" width=\"800\" height=\"450\" src=\"https:\/\/www.youtube.com\/embed\/polM93_6Hbc?feature=oembed\" frameborder=\"0\" allow=\"accelerometer; autoplay; clipboard-write; encrypted-media; gyroscope; picture-in-picture; web-share\" allowfullscreen><\/iframe><\/p>\n<\/body>","protected":false},"excerpt":{"rendered":"<p>Hay consternaci\u00f3n en los partidos y movimientos pol\u00edticos tras el asesinato del candidato presidencial Fernando Villavicencio. Varios de ellos decidieron pausar sus actividades en territorio, aducen que el gobierno no les proporciona la suficiente seguridad.\u00a0 Por su parte la concejal Liliana Silva, se\u00f1al\u00f3 que desde la municipalidad de Santo Domingo presentar\u00e1n una propuesta de Ordenanza [&hellip;]<\/p>\n","protected":false},"author":4,"featured_media":7825,"comment_status":"closed","ping_status":"closed","sticky":false,"template":"","format":"standard","meta":{"om_disable_all_campaigns":false,"_joinchat":[],"footnotes":""},"categories":[31],"tags":[],"class_list":["post-7824","post","type-post","status-publish","format-standard","has-post-thumbnail","hentry","category-la-region"],"_links":{"self":[{"href":"https:\/\/zaracaytv.com\/index.php?rest_route=\/wp\/v2\/posts\/7824","targetHints":{"allow":["GET"]}}],"collection":[{"href":"https:\/\/zaracaytv.com\/index.php?rest_route=\/wp\/v2\/posts"}],"about":[{"href":"https:\/\/zaracaytv.com\/index.php?rest_route=\/wp\/v2\/types\/post"}],"author":[{"embeddable":true,"href":"https:\/\/zaracaytv.com\/index.php?rest_route=\/wp\/v2\/users\/4"}],"replies":[{"embeddable":true,"href":"https:\/\/zaracaytv.com\/index.php?rest_route=%2Fwp%2Fv2%2Fcomments&post=7824"}],"version-history":[{"count":2,"href":"https:\/\/zaracaytv.com\/index.php?rest_route=\/wp\/v2\/posts\/7824\/revisions"}],"predecessor-version":[{"id":7827,"href":"https:\/\/zaracaytv.com\/index.php?rest_route=\/wp\/v2\/posts\/7824\/revisions\/7827"}],"wp:featuredmedia":[{"embeddable":true,"href":"https:\/\/zaracaytv.com\/index.php?rest_route=\/wp\/v2\/media\/7825"}],"wp:attachment":[{"href":"https:\/\/zaracaytv.com\/index.php?rest_route=%2Fwp%2Fv2%2Fmedia&parent=7824"}],"wp:term":[{"taxonomy":"category","embeddable":true,"href":"https:\/\/zaracaytv.com\/index.php?rest_route=%2Fwp%2Fv2%2Fcategories&post=7824"},{"taxonomy":"post_tag","embeddable":true,"href":"https:\/\/zaracaytv.com\/index.php?rest_route=%2Fwp%2Fv2%2Ftags&post=7824"}],"curies":[{"name":"wp","href":"https:\/\/api.w.org\/{rel}","templated":true}]}}