{"id":7820,"date":"2023-08-10T20:35:32","date_gmt":"2023-08-11T01:35:32","guid":{"rendered":"https:\/\/zaracaytv.com\/?p=7820"},"modified":"2023-08-10T20:35:32","modified_gmt":"2023-08-11T01:35:32","slug":"simpatizantes-de-fernando-villavicencio-exigen-justicia-tras-su-tragica-muerte","status":"publish","type":"post","link":"https:\/\/zaracaytv.com\/?p=7820","title":{"rendered":"SIMPATIZANTES DE FERNANDO VILLAVICENCIO EXIGEN JUSTICIA TRAS SU TR\u00c1GICA MUERTE"},"content":{"rendered":"<body><p><span style=\"font-weight: 400;\">Indignaci\u00f3n, y mucho dolor, es lo que reflejaban los rostros de los simpatizantes del candidato a la presidencia Fernando Villavicencio, asesinado de varios disparos al salir de un mitin pol\u00edtico en Quito la tarde del martes.<\/span><\/p>\n<p><span style=\"font-weight: 400;\">Se congregaron en el Redondel del C\u00edrculo de los Continentes, all\u00ed, flameando las banderas y\u00a0 quemando llantas, expresaban su rechazo al crimen del aspirante a Carondelet.\u00a0<\/span><\/p>\n<p><span style=\"font-weight: 400;\">Hicieron un llamado a defender la institucionalidad y democracia del pa\u00eds.\u00a0<\/span><\/p>\n<p><span style=\"font-weight: 400;\">Exhortaron al Gobierno y a las autoridades judiciales a hacer cumplir la Ley en todos sus aspectos.\u00a0<\/span><\/p>\n<p><iframe title=\"Simpatizantes de Fernando Villavicencio exigen justicia  tras su tr\u00e1gica muerte\" width=\"800\" height=\"450\" src=\"https:\/\/www.youtube.com\/embed\/RmVBci-OYho?feature=oembed\" frameborder=\"0\" allow=\"accelerometer; autoplay; clipboard-write; encrypted-media; gyroscope; picture-in-picture; web-share\" allowfullscreen><\/iframe><\/p>\n<\/body>","protected":false},"excerpt":{"rendered":"<p>Indignaci\u00f3n, y mucho dolor, es lo que reflejaban los rostros de los simpatizantes del candidato a la presidencia Fernando Villavicencio, asesinado de varios disparos al salir de un mitin pol\u00edtico en Quito la tarde del martes. Se congregaron en el Redondel del C\u00edrculo de los Continentes, all\u00ed, flameando las banderas y\u00a0 quemando llantas, expresaban su [&hellip;]<\/p>\n","protected":false},"author":4,"featured_media":7821,"comment_status":"closed","ping_status":"closed","sticky":false,"template":"","format":"standard","meta":{"om_disable_all_campaigns":false,"_joinchat":[],"footnotes":""},"categories":[31],"tags":[],"class_list":["post-7820","post","type-post","status-publish","format-standard","has-post-thumbnail","hentry","category-la-region"],"_links":{"self":[{"href":"https:\/\/zaracaytv.com\/index.php?rest_route=\/wp\/v2\/posts\/7820","targetHints":{"allow":["GET"]}}],"collection":[{"href":"https:\/\/zaracaytv.com\/index.php?rest_route=\/wp\/v2\/posts"}],"about":[{"href":"https:\/\/zaracaytv.com\/index.php?rest_route=\/wp\/v2\/types\/post"}],"author":[{"embeddable":true,"href":"https:\/\/zaracaytv.com\/index.php?rest_route=\/wp\/v2\/users\/4"}],"replies":[{"embeddable":true,"href":"https:\/\/zaracaytv.com\/index.php?rest_route=%2Fwp%2Fv2%2Fcomments&post=7820"}],"version-history":[{"count":1,"href":"https:\/\/zaracaytv.com\/index.php?rest_route=\/wp\/v2\/posts\/7820\/revisions"}],"predecessor-version":[{"id":7822,"href":"https:\/\/zaracaytv.com\/index.php?rest_route=\/wp\/v2\/posts\/7820\/revisions\/7822"}],"wp:featuredmedia":[{"embeddable":true,"href":"https:\/\/zaracaytv.com\/index.php?rest_route=\/wp\/v2\/media\/7821"}],"wp:attachment":[{"href":"https:\/\/zaracaytv.com\/index.php?rest_route=%2Fwp%2Fv2%2Fmedia&parent=7820"}],"wp:term":[{"taxonomy":"category","embeddable":true,"href":"https:\/\/zaracaytv.com\/index.php?rest_route=%2Fwp%2Fv2%2Fcategories&post=7820"},{"taxonomy":"post_tag","embeddable":true,"href":"https:\/\/zaracaytv.com\/index.php?rest_route=%2Fwp%2Fv2%2Ftags&post=7820"}],"curies":[{"name":"wp","href":"https:\/\/api.w.org\/{rel}","templated":true}]}}