{"id":7457,"date":"2023-07-19T03:04:27","date_gmt":"2023-07-19T03:04:27","guid":{"rendered":"https:\/\/zaracaytv.com\/?p=7457"},"modified":"2023-07-19T03:04:27","modified_gmt":"2023-07-19T03:04:27","slug":"familiares-y-amigos-levantaron-en-quininde-una-capilla-ardiente-para-despedir-a-rider-sanchez","status":"publish","type":"post","link":"https:\/\/zaracaytv.com\/?p=7457","title":{"rendered":"FAMILIARES Y AMIGOS LEVANTARON EN QUININD\u00c9 UNA CAPILLA ARDIENTE PARA DESPEDIR A RIDER S\u00c1NCHEZ"},"content":{"rendered":"<body><p>En medio del dolor de familiares y amigos, en Quinind\u00e9 se levant\u00f3 una capilla ardiente por la muerte del candidato por la alianza que auspicia al presidenciable Otto Sonnenholzner, quien lleg\u00f3 hasta el lugar para despedir y exigir justicia por su coideario. Mientras tanto, el Ministro del Interior asegur\u00f3 que el caso no tiene tintes pol\u00edticos, se tratar\u00eda de una tentativa de robo y ya est\u00e1n identificadas dos de las personas que participaron en el hecho.<\/p>\n<p><iframe title=\"Familiares y amigos levantaron en Quinind\u00e9 una capilla ardiente para despedir a Rider S\u00e1nchez\" width=\"800\" height=\"450\" src=\"https:\/\/www.youtube.com\/embed\/CpCXw-pdPTw?feature=oembed\" frameborder=\"0\" allow=\"accelerometer; autoplay; clipboard-write; encrypted-media; gyroscope; picture-in-picture; web-share\" allowfullscreen><\/iframe><\/p>\n<\/body>","protected":false},"excerpt":{"rendered":"<p>En medio del dolor de familiares y amigos, en Quinind\u00e9 se levant\u00f3 una capilla ardiente por la muerte del candidato por la alianza que auspicia al presidenciable Otto Sonnenholzner, quien lleg\u00f3 hasta el lugar para despedir y exigir justicia por su coideario. Mientras tanto, el Ministro del Interior asegur\u00f3 que el caso no tiene tintes [&hellip;]<\/p>\n","protected":false},"author":4,"featured_media":7458,"comment_status":"closed","ping_status":"closed","sticky":false,"template":"","format":"standard","meta":{"om_disable_all_campaigns":false,"_joinchat":[],"footnotes":""},"categories":[31],"tags":[],"class_list":["post-7457","post","type-post","status-publish","format-standard","has-post-thumbnail","hentry","category-la-region"],"_links":{"self":[{"href":"https:\/\/zaracaytv.com\/index.php?rest_route=\/wp\/v2\/posts\/7457","targetHints":{"allow":["GET"]}}],"collection":[{"href":"https:\/\/zaracaytv.com\/index.php?rest_route=\/wp\/v2\/posts"}],"about":[{"href":"https:\/\/zaracaytv.com\/index.php?rest_route=\/wp\/v2\/types\/post"}],"author":[{"embeddable":true,"href":"https:\/\/zaracaytv.com\/index.php?rest_route=\/wp\/v2\/users\/4"}],"replies":[{"embeddable":true,"href":"https:\/\/zaracaytv.com\/index.php?rest_route=%2Fwp%2Fv2%2Fcomments&post=7457"}],"version-history":[{"count":1,"href":"https:\/\/zaracaytv.com\/index.php?rest_route=\/wp\/v2\/posts\/7457\/revisions"}],"predecessor-version":[{"id":7459,"href":"https:\/\/zaracaytv.com\/index.php?rest_route=\/wp\/v2\/posts\/7457\/revisions\/7459"}],"wp:featuredmedia":[{"embeddable":true,"href":"https:\/\/zaracaytv.com\/index.php?rest_route=\/wp\/v2\/media\/7458"}],"wp:attachment":[{"href":"https:\/\/zaracaytv.com\/index.php?rest_route=%2Fwp%2Fv2%2Fmedia&parent=7457"}],"wp:term":[{"taxonomy":"category","embeddable":true,"href":"https:\/\/zaracaytv.com\/index.php?rest_route=%2Fwp%2Fv2%2Fcategories&post=7457"},{"taxonomy":"post_tag","embeddable":true,"href":"https:\/\/zaracaytv.com\/index.php?rest_route=%2Fwp%2Fv2%2Ftags&post=7457"}],"curies":[{"name":"wp","href":"https:\/\/api.w.org\/{rel}","templated":true}]}}