{"id":7453,"date":"2023-07-19T03:01:00","date_gmt":"2023-07-19T03:01:00","guid":{"rendered":"https:\/\/zaracaytv.com\/?p=7453"},"modified":"2023-07-19T03:01:00","modified_gmt":"2023-07-19T03:01:00","slug":"en-el-cpl-bellavista-se-desarrollo-el-acto-conmemorativo-por-el-dia-de-los-ppl","status":"publish","type":"post","link":"https:\/\/zaracaytv.com\/?p=7453","title":{"rendered":"EN EL CPL BELLAVISTA SE DESARROLL\u00d3 EL ACTO CONMEMORATIVO POR EL D\u00cdA DE LOS PPL"},"content":{"rendered":"<body><p><\/p><span style=\"font-weight: 400;\">El acto conmemorativo por el d\u00eda de las personas privadas de la libertad comenz\u00f3 con una presentaci\u00f3n art\u00edstica y la misa de apertura en el Centro de Privaci\u00f3n de la Libertad Bellavista, en Santo Domingo de los Ts\u00e1chilas. Los internos de los 10 pabellones realizaron un recorrido por las instalaciones y se mostraron los nuevos mecanismos de seguridad entre ellos el muro de contenci\u00f3n que recorre 500 metros de la parte sur de la c\u00e1rcel y un Body Scan. Eugenio Espinoza, director del centro carcelario, enfatiz\u00f3 que la paz ha retornado al sitio al cumplirse un a\u00f1o de la segunda masacre carcelaria que dej\u00f3 12 reos asesinados.<\/span>\n<p><span style=\"font-weight: 400;\">Actualmente, 1.100 personas privadas de la libertad cumplen condena en el centro carcelario, de las cuales 84 est\u00e1n inscritas en el colegio y 43 en la escuela, estos son dos de los programas de rehabilitaci\u00f3n del sitio, mencion\u00f3 Fabrici<img loading=\"lazy\" decoding=\"async\" class=\"size-medium wp-image-7454 alignleft\" src=\"https:\/\/zaracaytv.com\/wp-content\/uploads\/2023\/07\/CPL-300x149.jpg\" alt=\"\" width=\"300\" height=\"149\" loading=\"lazy\" srcset=\"https:\/\/zaracaytv.com\/wp-content\/uploads\/2023\/07\/CPL-300x149.jpg 300w, https:\/\/zaracaytv.com\/wp-content\/uploads\/2023\/07\/CPL-1024x508.jpg 1024w, https:\/\/zaracaytv.com\/wp-content\/uploads\/2023\/07\/CPL-768x381.jpg 768w, https:\/\/zaracaytv.com\/wp-content\/uploads\/2023\/07\/CPL-1536x762.jpg 1536w, https:\/\/zaracaytv.com\/wp-content\/uploads\/2023\/07\/CPL-570x283.jpg 570w, https:\/\/zaracaytv.com\/wp-content\/uploads\/2023\/07\/CPL-270x134.jpg 270w, https:\/\/zaracaytv.com\/wp-content\/uploads\/2023\/07\/CPL.jpg 1608w\" sizes=\"auto, (max-width: 300px) 100vw, 300px\" \/>o Mart\u00ednez, docente del CPL Bellavista.<\/span><\/p>\n<p><span style=\"font-weight: 400;\">Karla Ch\u00e1vez, psic\u00f3loga del Servicio Nacional de Atenci\u00f3n Integral a Personas Privadas de la Libertad y Adolescentes Infractores, enfatiz\u00f3 que dentro de la c\u00e1rcel se realizan tres talleres enfocados en psicolog\u00eda, deportes y educaci\u00f3n con el fin ayudar en la rehabilitaci\u00f3n de las personas privadas de la libertad. Actualmente, 70 ppl participan de los programas, en los cuales ha existido un aumento, pues al principio solo 10 internos eran parte de estos.<\/span><\/p>\n<p><span style=\"font-weight: 400;\">A su vez, tras los di\u00e1logos y solicitudes realizadas a la Municipalidad de Santo Domingo y a la Prefectura, hace 6 meses, a\u00fan no se ha dado mantenimiento a la v\u00eda que conduce al centro carcelario. Por lo cual ante una emergencia como la sucedida hace un a\u00f1o el ingreso de los equipos de control ser\u00eda complicado.<\/span><\/p>\n<p>\u00a0<\/p>\n<p><iframe title=\"En el CPL Bellavista se desarroll\u00f3 el acto conmemorativo por el d\u00eda de los PPL\" width=\"800\" height=\"450\" src=\"https:\/\/www.youtube.com\/embed\/C1igsfgDDsA?feature=oembed\" frameborder=\"0\" allow=\"accelerometer; autoplay; clipboard-write; encrypted-media; gyroscope; picture-in-picture; web-share\" allowfullscreen><\/iframe><\/p>\n<\/body>","protected":false},"excerpt":{"rendered":"<p>El acto conmemorativo por el d\u00eda de las personas privadas de la libertad comenz\u00f3 con una presentaci\u00f3n art\u00edstica y la misa de apertura en el Centro de Privaci\u00f3n de la Libertad Bellavista, en Santo Domingo de los Ts\u00e1chilas. Los internos de los 10 pabellones realizaron un recorrido por las instalaciones y se mostraron los nuevos [&hellip;]<\/p>\n","protected":false},"author":4,"featured_media":7454,"comment_status":"closed","ping_status":"closed","sticky":false,"template":"","format":"standard","meta":{"om_disable_all_campaigns":false,"_joinchat":[],"footnotes":""},"categories":[31],"tags":[],"class_list":["post-7453","post","type-post","status-publish","format-standard","has-post-thumbnail","hentry","category-la-region"],"_links":{"self":[{"href":"https:\/\/zaracaytv.com\/index.php?rest_route=\/wp\/v2\/posts\/7453","targetHints":{"allow":["GET"]}}],"collection":[{"href":"https:\/\/zaracaytv.com\/index.php?rest_route=\/wp\/v2\/posts"}],"about":[{"href":"https:\/\/zaracaytv.com\/index.php?rest_route=\/wp\/v2\/types\/post"}],"author":[{"embeddable":true,"href":"https:\/\/zaracaytv.com\/index.php?rest_route=\/wp\/v2\/users\/4"}],"replies":[{"embeddable":true,"href":"https:\/\/zaracaytv.com\/index.php?rest_route=%2Fwp%2Fv2%2Fcomments&post=7453"}],"version-history":[{"count":1,"href":"https:\/\/zaracaytv.com\/index.php?rest_route=\/wp\/v2\/posts\/7453\/revisions"}],"predecessor-version":[{"id":7455,"href":"https:\/\/zaracaytv.com\/index.php?rest_route=\/wp\/v2\/posts\/7453\/revisions\/7455"}],"wp:featuredmedia":[{"embeddable":true,"href":"https:\/\/zaracaytv.com\/index.php?rest_route=\/wp\/v2\/media\/7454"}],"wp:attachment":[{"href":"https:\/\/zaracaytv.com\/index.php?rest_route=%2Fwp%2Fv2%2Fmedia&parent=7453"}],"wp:term":[{"taxonomy":"category","embeddable":true,"href":"https:\/\/zaracaytv.com\/index.php?rest_route=%2Fwp%2Fv2%2Fcategories&post=7453"},{"taxonomy":"post_tag","embeddable":true,"href":"https:\/\/zaracaytv.com\/index.php?rest_route=%2Fwp%2Fv2%2Ftags&post=7453"}],"curies":[{"name":"wp","href":"https:\/\/api.w.org\/{rel}","templated":true}]}}