{"id":7450,"date":"2023-07-19T02:49:17","date_gmt":"2023-07-19T02:49:17","guid":{"rendered":"https:\/\/zaracaytv.com\/?p=7450"},"modified":"2023-07-19T02:49:17","modified_gmt":"2023-07-19T02:49:17","slug":"cooperativa-de-ahorro-y-credito-camara-de-comercio-santo-domingo-debe-liquidarse","status":"publish","type":"post","link":"https:\/\/zaracaytv.com\/?p=7450","title":{"rendered":"COOPERATIVA DE AHORRO Y CR\u00c9DITO C\u00c1MARA DE COMERCIO SANTO DOMINGO DEBE LIQUIDARSE"},"content":{"rendered":"<body><p><\/p><span style=\"font-weight: 400;\">Al cumplirse los 15 d\u00edas de intervenci\u00f3n de la Superintendencia de Econom\u00eda Popular y Solidaria a la Cooperativa de Ahorro Cr\u00e9dito C\u00e1mara de Comercio Santo Domingo, varios cuenta ahorristas se congregaron en los exteriores de la instituci\u00f3n, ubicada en la Avenida Ts\u00e1chila. Desde temprano por la ma\u00f1ana, esperaban por respuestas frente a la incertidumbre de qu\u00e9 suceder\u00e1 con los ahorros que depositan en esta entidad desde hace varios a\u00f1os.<\/span>\n<p><span style=\"font-weight: 400;\"><img loading=\"lazy\" decoding=\"async\" class=\"size-medium wp-image-7451 alignleft\" src=\"https:\/\/zaracaytv.com\/wp-content\/uploads\/2023\/07\/CAMARA-300x159.jpg\" alt=\"\" width=\"300\" height=\"159\" loading=\"lazy\" srcset=\"https:\/\/zaracaytv.com\/wp-content\/uploads\/2023\/07\/CAMARA-300x159.jpg 300w, https:\/\/zaracaytv.com\/wp-content\/uploads\/2023\/07\/CAMARA-1024x542.jpg 1024w, https:\/\/zaracaytv.com\/wp-content\/uploads\/2023\/07\/CAMARA-768x407.jpg 768w, https:\/\/zaracaytv.com\/wp-content\/uploads\/2023\/07\/CAMARA-1536x813.jpg 1536w, https:\/\/zaracaytv.com\/wp-content\/uploads\/2023\/07\/CAMARA-570x302.jpg 570w, https:\/\/zaracaytv.com\/wp-content\/uploads\/2023\/07\/CAMARA-270x143.jpg 270w, https:\/\/zaracaytv.com\/wp-content\/uploads\/2023\/07\/CAMARA.jpg 1613w\" sizes=\"auto, (max-width: 300px) 100vw, 300px\" \/>Minutos despu\u00e9s lleg\u00f3 el interventor de la Superintendencia, quien al cabo de dos horas, sali\u00f3 y explic\u00f3 a las personas que el informe revela que la Cooperativa debe ser liquidada, ya que se evidenci\u00f3 que tiene menos del 50% de liquidez. Motivo por el cual se proceder\u00e1 en los pr\u00f3ximos d\u00edas a la devoluci\u00f3n de los dep\u00f3sitos, algo cuyo plazo y puntos pagos, deber\u00e1 ser establecido por la Corporaci\u00f3n del Seguro de Dep\u00f3sitos, COSEDE.<\/span><\/p>\n<p><span style=\"font-weight: 400;\">Esto no es algo que tranquiliza a muchos de los cuenta ahorristas, quienes no ve\u00edan a la liquidaci\u00f3n de la cooperativa como una opci\u00f3n.<\/span><\/p>\n<p><span style=\"font-weight: 400;\">El interventor adem\u00e1s explic\u00f3 que los montos que se devolver\u00e1n tienen un l\u00edmite establecido de 5 mil d\u00f3lares.<\/span><\/p>\n<p><span style=\"font-weight: 400;\">La exdirectiva de la Cooperativa C\u00e1mara de Comercio, no se ha pronunciado al respecto. Mientras tanto las personas afectadas deber\u00e1n esperar el cronograma que se establezca para poder recibir su dinero.\u00a0<\/span><\/p>\n<p><iframe title=\"Cooperativa de Ahorro y Cr\u00e9dito C\u00e1mara de Comercio Santo Domingo debe liquidarse\" width=\"800\" height=\"450\" src=\"https:\/\/www.youtube.com\/embed\/d7gX-RcW1eA?feature=oembed\" frameborder=\"0\" allow=\"accelerometer; autoplay; clipboard-write; encrypted-media; gyroscope; picture-in-picture; web-share\" allowfullscreen><\/iframe><\/p>\n<\/body>","protected":false},"excerpt":{"rendered":"<p>Al cumplirse los 15 d\u00edas de intervenci\u00f3n de la Superintendencia de Econom\u00eda Popular y Solidaria a la Cooperativa de Ahorro Cr\u00e9dito C\u00e1mara de Comercio Santo Domingo, varios cuenta ahorristas se congregaron en los exteriores de la instituci\u00f3n, ubicada en la Avenida Ts\u00e1chila. Desde temprano por la ma\u00f1ana, esperaban por respuestas frente a la incertidumbre de [&hellip;]<\/p>\n","protected":false},"author":4,"featured_media":7451,"comment_status":"closed","ping_status":"closed","sticky":false,"template":"","format":"standard","meta":{"om_disable_all_campaigns":false,"_joinchat":[],"footnotes":""},"categories":[31],"tags":[],"class_list":["post-7450","post","type-post","status-publish","format-standard","has-post-thumbnail","hentry","category-la-region"],"_links":{"self":[{"href":"https:\/\/zaracaytv.com\/index.php?rest_route=\/wp\/v2\/posts\/7450","targetHints":{"allow":["GET"]}}],"collection":[{"href":"https:\/\/zaracaytv.com\/index.php?rest_route=\/wp\/v2\/posts"}],"about":[{"href":"https:\/\/zaracaytv.com\/index.php?rest_route=\/wp\/v2\/types\/post"}],"author":[{"embeddable":true,"href":"https:\/\/zaracaytv.com\/index.php?rest_route=\/wp\/v2\/users\/4"}],"replies":[{"embeddable":true,"href":"https:\/\/zaracaytv.com\/index.php?rest_route=%2Fwp%2Fv2%2Fcomments&post=7450"}],"version-history":[{"count":1,"href":"https:\/\/zaracaytv.com\/index.php?rest_route=\/wp\/v2\/posts\/7450\/revisions"}],"predecessor-version":[{"id":7452,"href":"https:\/\/zaracaytv.com\/index.php?rest_route=\/wp\/v2\/posts\/7450\/revisions\/7452"}],"wp:featuredmedia":[{"embeddable":true,"href":"https:\/\/zaracaytv.com\/index.php?rest_route=\/wp\/v2\/media\/7451"}],"wp:attachment":[{"href":"https:\/\/zaracaytv.com\/index.php?rest_route=%2Fwp%2Fv2%2Fmedia&parent=7450"}],"wp:term":[{"taxonomy":"category","embeddable":true,"href":"https:\/\/zaracaytv.com\/index.php?rest_route=%2Fwp%2Fv2%2Fcategories&post=7450"},{"taxonomy":"post_tag","embeddable":true,"href":"https:\/\/zaracaytv.com\/index.php?rest_route=%2Fwp%2Fv2%2Ftags&post=7450"}],"curies":[{"name":"wp","href":"https:\/\/api.w.org\/{rel}","templated":true}]}}