{"id":7447,"date":"2023-07-17T23:47:46","date_gmt":"2023-07-17T23:47:46","guid":{"rendered":"https:\/\/zaracaytv.com\/?p=7447"},"modified":"2023-07-17T23:47:46","modified_gmt":"2023-07-17T23:47:46","slug":"en-santo-domingo-apenas-120-personas-conocen-la-lengua-de-senas","status":"publish","type":"post","link":"https:\/\/zaracaytv.com\/?p=7447","title":{"rendered":"EN SANTO DOMINGO APENAS 120 PERSONAS CONOCEN LA LENGUA DE SE\u00d1AS"},"content":{"rendered":"<body><p><\/p><span style=\"font-weight: 400;\"><img loading=\"lazy\" decoding=\"async\" class=\"size-medium wp-image-7448 alignleft\" src=\"https:\/\/zaracaytv.com\/wp-content\/uploads\/2023\/07\/SENAS-300x141.jpg\" alt=\"\" width=\"300\" height=\"141\" loading=\"lazy\" srcset=\"https:\/\/zaracaytv.com\/wp-content\/uploads\/2023\/07\/SENAS-300x141.jpg 300w, https:\/\/zaracaytv.com\/wp-content\/uploads\/2023\/07\/SENAS-1024x481.jpg 1024w, https:\/\/zaracaytv.com\/wp-content\/uploads\/2023\/07\/SENAS-768x360.jpg 768w, https:\/\/zaracaytv.com\/wp-content\/uploads\/2023\/07\/SENAS-1536x721.jpg 1536w, https:\/\/zaracaytv.com\/wp-content\/uploads\/2023\/07\/SENAS-570x268.jpg 570w, https:\/\/zaracaytv.com\/wp-content\/uploads\/2023\/07\/SENAS-270x127.jpg 270w, https:\/\/zaracaytv.com\/wp-content\/uploads\/2023\/07\/SENAS.jpg 1647w\" sizes=\"auto, (max-width: 300px) 100vw, 300px\" \/>En Santo Domingo hay 5 personas que cuentan con el t\u00edtulo de int\u00e9rprete de lengua de se\u00f1as, 25 m\u00e1s conocen esta lengua y se comunican efectivamente y 120 personas saben un nivel b\u00e1sico de se\u00f1as. Estos datos, seg\u00fan la Asociaci\u00f3n de Sordos del cant\u00f3n, hace que se evidencie a\u00fan m\u00e1s la necesidad de llegar a m\u00e1s ciudadanos con estos conocimientos para mejorar la capacidad de comunicarse entre s\u00ed y acceder a ciertos derechos. Edwin Basurto, expresidente de esta organizaci\u00f3n y actual capacitador, explica que ha palpado una falta de inter\u00e9s en este tema por parte de las autoridades.\u00a0<\/span>\n<p><span style=\"font-weight: 400;\">M\u00f3nica Moreira es una int\u00e9rprete en formaci\u00f3n a\u00fan y considera que hace falta que se fomenten m\u00e1s espacios de aprendizaje sobre la lengua de se\u00f1as para poder garantizar el acceso a informaci\u00f3n en otras \u00e1reas a las que tambi\u00e9n requieren acceder las personas sordas.<\/span><\/p>\n<p><span style=\"font-weight: 400;\">Por ejemplo, Sonia Ord\u00f3\u00f1ez, quien es psic\u00f3loga, decidi\u00f3 aprender lengua de se\u00f1as para mejorar su comunicaci\u00f3n con algunos de sus pacientes.<\/span><\/p>\n<p><span style=\"font-weight: 400;\">La Asociaci\u00f3n de Sordos de Santo Domingo, promueve cursos de lengua de se\u00f1as b\u00e1sicas para que m\u00e1s personas puedan integrarse a esta forma de comunicaci\u00f3n ya que en esta ciudad, la poblaci\u00f3n sorda bordea los 1 200.\u00a0<\/span><\/p>\n<p>\u00a0<\/p>\n<p><iframe title=\"En Santo Domingo apenas 120 personas conocen la lengua de se\u00f1as\" width=\"800\" height=\"450\" src=\"https:\/\/www.youtube.com\/embed\/TU3tuMwG7Lw?feature=oembed\" frameborder=\"0\" allow=\"accelerometer; autoplay; clipboard-write; encrypted-media; gyroscope; picture-in-picture; web-share\" allowfullscreen><\/iframe><\/p>\n<\/body>","protected":false},"excerpt":{"rendered":"<p>En Santo Domingo hay 5 personas que cuentan con el t\u00edtulo de int\u00e9rprete de lengua de se\u00f1as, 25 m\u00e1s conocen esta lengua y se comunican efectivamente y 120 personas saben un nivel b\u00e1sico de se\u00f1as. Estos datos, seg\u00fan la Asociaci\u00f3n de Sordos del cant\u00f3n, hace que se evidencie a\u00fan m\u00e1s la necesidad de llegar a [&hellip;]<\/p>\n","protected":false},"author":4,"featured_media":7448,"comment_status":"closed","ping_status":"closed","sticky":false,"template":"","format":"standard","meta":{"om_disable_all_campaigns":false,"_joinchat":[],"footnotes":""},"categories":[31],"tags":[],"class_list":["post-7447","post","type-post","status-publish","format-standard","has-post-thumbnail","hentry","category-la-region"],"_links":{"self":[{"href":"https:\/\/zaracaytv.com\/index.php?rest_route=\/wp\/v2\/posts\/7447","targetHints":{"allow":["GET"]}}],"collection":[{"href":"https:\/\/zaracaytv.com\/index.php?rest_route=\/wp\/v2\/posts"}],"about":[{"href":"https:\/\/zaracaytv.com\/index.php?rest_route=\/wp\/v2\/types\/post"}],"author":[{"embeddable":true,"href":"https:\/\/zaracaytv.com\/index.php?rest_route=\/wp\/v2\/users\/4"}],"replies":[{"embeddable":true,"href":"https:\/\/zaracaytv.com\/index.php?rest_route=%2Fwp%2Fv2%2Fcomments&post=7447"}],"version-history":[{"count":1,"href":"https:\/\/zaracaytv.com\/index.php?rest_route=\/wp\/v2\/posts\/7447\/revisions"}],"predecessor-version":[{"id":7449,"href":"https:\/\/zaracaytv.com\/index.php?rest_route=\/wp\/v2\/posts\/7447\/revisions\/7449"}],"wp:featuredmedia":[{"embeddable":true,"href":"https:\/\/zaracaytv.com\/index.php?rest_route=\/wp\/v2\/media\/7448"}],"wp:attachment":[{"href":"https:\/\/zaracaytv.com\/index.php?rest_route=%2Fwp%2Fv2%2Fmedia&parent=7447"}],"wp:term":[{"taxonomy":"category","embeddable":true,"href":"https:\/\/zaracaytv.com\/index.php?rest_route=%2Fwp%2Fv2%2Fcategories&post=7447"},{"taxonomy":"post_tag","embeddable":true,"href":"https:\/\/zaracaytv.com\/index.php?rest_route=%2Fwp%2Fv2%2Ftags&post=7447"}],"curies":[{"name":"wp","href":"https:\/\/api.w.org\/{rel}","templated":true}]}}