{"id":7444,"date":"2023-07-17T23:45:02","date_gmt":"2023-07-17T23:45:02","guid":{"rendered":"https:\/\/zaracaytv.com\/?p=7444"},"modified":"2023-07-17T23:45:02","modified_gmt":"2023-07-17T23:45:02","slug":"el-fin-de-semana-prolifera-el-comercio-informal-en-la-calle-ambato","status":"publish","type":"post","link":"https:\/\/zaracaytv.com\/?p=7444","title":{"rendered":"EL FIN DE SEMANA PROLIFERA EL COMERCIO INFORMAL EN LA CALLE AMBATO"},"content":{"rendered":"<body><p><\/p><span style=\"font-weight: 400;\">Durante el fin de semana se vuelve mucho m\u00e1s evidente la falta de control a lo largo de la calle Ambato, entre la 29 de mayo y Guayaquil. El comercio informal prolifera en esa calle c\u00e9ntrica, ofreciendo al paso desde legumbres y frutas hasta carnes y pollo. Algo que no desaprovechan quienes circulan por el lugar y llevan sus compras, por lo que creen que es una actividad que debe mantenerse.<\/span>\n<p><span style=\"font-weight: 400;\">Muchos comerciantes vienen de manera exclusiva los s\u00e1bados y domingos para aprovechar la alta cantidad de ventas. Como Pedro Guerra, quien solo el domingo vende 40 d\u00f3lares en pi\u00f1as o como Douglas Carofiglio, quien vende camar\u00f3n a dos d\u00f3lares la libra y en un solo d\u00eda puede llegar a vender 200 d\u00f3lares en esta calle.\u00a0<\/span><\/p>\n<p><span style=\"font-weight: 400;\"><img loading=\"lazy\" decoding=\"async\" class=\"size-medium wp-image-7445 alignleft\" src=\"https:\/\/zaracaytv.com\/wp-content\/uploads\/2023\/07\/AMBARO-300x157.jpg\" alt=\"\" width=\"300\" height=\"157\" loading=\"lazy\" srcset=\"https:\/\/zaracaytv.com\/wp-content\/uploads\/2023\/07\/AMBARO-300x157.jpg 300w, https:\/\/zaracaytv.com\/wp-content\/uploads\/2023\/07\/AMBARO-1024x534.jpg 1024w, https:\/\/zaracaytv.com\/wp-content\/uploads\/2023\/07\/AMBARO-768x401.jpg 768w, https:\/\/zaracaytv.com\/wp-content\/uploads\/2023\/07\/AMBARO-1536x802.jpg 1536w, https:\/\/zaracaytv.com\/wp-content\/uploads\/2023\/07\/AMBARO-570x297.jpg 570w, https:\/\/zaracaytv.com\/wp-content\/uploads\/2023\/07\/AMBARO-270x141.jpg 270w, https:\/\/zaracaytv.com\/wp-content\/uploads\/2023\/07\/AMBARO.jpg 1554w\" sizes=\"auto, (max-width: 300px) 100vw, 300px\" \/>Sin embargo, el corto espacio que dejan en las veredas para que puedan pasar los peatones s\u00ed incomoda a muchas personas que prefieren ir hasta el mercado para realizar sus compras.<\/span><\/p>\n<p><span style=\"font-weight: 400;\">Pero tambi\u00e9n es un problema que se pasa a la calzada. Los triciclos que se apostan a lo largo de la calle, estrechan el paso vehicular en esta calle que incluso es doble v\u00eda pero que esta situaci\u00f3n la convierte en un cuello de botella.<\/span><\/p>\n<p><span style=\"font-weight: 400;\">En este punto s\u00ed hay presencia de los agentes de control municipal pero simplemente est\u00e1n para evidenciar el desorden en esta calle, ante la gran cantidad de comerciantes informales, no les queda m\u00e1s que socializar con los mismos ya que no se retirar\u00e1n.\u00a0<\/span><\/p>\n<p>\u00a0<\/p>\n<p><iframe title=\"El fin de semana prolifera el comercio informal en la calle Ambato\" width=\"800\" height=\"450\" src=\"https:\/\/www.youtube.com\/embed\/FRsVN0Kl-80?feature=oembed\" frameborder=\"0\" allow=\"accelerometer; autoplay; clipboard-write; encrypted-media; gyroscope; picture-in-picture; web-share\" allowfullscreen><\/iframe><\/p>\n<\/body>","protected":false},"excerpt":{"rendered":"<p>Durante el fin de semana se vuelve mucho m\u00e1s evidente la falta de control a lo largo de la calle Ambato, entre la 29 de mayo y Guayaquil. El comercio informal prolifera en esa calle c\u00e9ntrica, ofreciendo al paso desde legumbres y frutas hasta carnes y pollo. Algo que no desaprovechan quienes circulan por el [&hellip;]<\/p>\n","protected":false},"author":4,"featured_media":7445,"comment_status":"closed","ping_status":"closed","sticky":false,"template":"","format":"standard","meta":{"om_disable_all_campaigns":false,"_joinchat":[],"footnotes":""},"categories":[31],"tags":[],"class_list":["post-7444","post","type-post","status-publish","format-standard","has-post-thumbnail","hentry","category-la-region"],"_links":{"self":[{"href":"https:\/\/zaracaytv.com\/index.php?rest_route=\/wp\/v2\/posts\/7444","targetHints":{"allow":["GET"]}}],"collection":[{"href":"https:\/\/zaracaytv.com\/index.php?rest_route=\/wp\/v2\/posts"}],"about":[{"href":"https:\/\/zaracaytv.com\/index.php?rest_route=\/wp\/v2\/types\/post"}],"author":[{"embeddable":true,"href":"https:\/\/zaracaytv.com\/index.php?rest_route=\/wp\/v2\/users\/4"}],"replies":[{"embeddable":true,"href":"https:\/\/zaracaytv.com\/index.php?rest_route=%2Fwp%2Fv2%2Fcomments&post=7444"}],"version-history":[{"count":1,"href":"https:\/\/zaracaytv.com\/index.php?rest_route=\/wp\/v2\/posts\/7444\/revisions"}],"predecessor-version":[{"id":7446,"href":"https:\/\/zaracaytv.com\/index.php?rest_route=\/wp\/v2\/posts\/7444\/revisions\/7446"}],"wp:featuredmedia":[{"embeddable":true,"href":"https:\/\/zaracaytv.com\/index.php?rest_route=\/wp\/v2\/media\/7445"}],"wp:attachment":[{"href":"https:\/\/zaracaytv.com\/index.php?rest_route=%2Fwp%2Fv2%2Fmedia&parent=7444"}],"wp:term":[{"taxonomy":"category","embeddable":true,"href":"https:\/\/zaracaytv.com\/index.php?rest_route=%2Fwp%2Fv2%2Fcategories&post=7444"},{"taxonomy":"post_tag","embeddable":true,"href":"https:\/\/zaracaytv.com\/index.php?rest_route=%2Fwp%2Fv2%2Ftags&post=7444"}],"curies":[{"name":"wp","href":"https:\/\/api.w.org\/{rel}","templated":true}]}}