{"id":7440,"date":"2023-07-17T23:40:18","date_gmt":"2023-07-17T23:40:18","guid":{"rendered":"https:\/\/zaracaytv.com\/?p=7440"},"modified":"2023-07-17T23:40:31","modified_gmt":"2023-07-17T23:40:31","slug":"desde-marzo-no-cuentan-con-un-puente-en-la-via-la-calacali-la-independencia","status":"publish","type":"post","link":"https:\/\/zaracaytv.com\/?p=7440","title":{"rendered":"DESDE MARZO NO CUENTAN CON UN PUENTE EN LA V\u00cdA LA CALACAL\u00cd &#8211; LA INDEPENDENCIA"},"content":{"rendered":"<body><p><\/p><span style=\"font-weight: 400;\">Desde la ca\u00edda del puente que estaba sobre el r\u00edo Blanco, pasaron ya 4 meses. No han cesado las dificultades por la destrucci\u00f3n de esta infraestructura que conectaba a cuatro provincias: Esmeraldas, Imbabura, Pichincha y Santo Domingo de los Ts\u00e1chilas. Frente a esto, las comunidades han desarrollado mecanismos para llegar a diario a sus destinos, como estas gabarras artesanales que sortean al caudaloso r\u00edo. Aqu\u00ed transportan de todo, personas, electrodom\u00e9sticos e incluso hasta 6 motocicletas de los comuneros.\u00a0<\/span>\n<p><span style=\"font-weight: 400;\"><img loading=\"lazy\" decoding=\"async\" class=\"size-medium wp-image-7441 alignleft\" src=\"https:\/\/zaracaytv.com\/wp-content\/uploads\/2023\/07\/PUENTE-300x169.jpg\" alt=\"\" width=\"300\" height=\"169\" loading=\"lazy\" srcset=\"https:\/\/zaracaytv.com\/wp-content\/uploads\/2023\/07\/PUENTE-300x169.jpg 300w, https:\/\/zaracaytv.com\/wp-content\/uploads\/2023\/07\/PUENTE-1024x577.jpg 1024w, https:\/\/zaracaytv.com\/wp-content\/uploads\/2023\/07\/PUENTE-768x433.jpg 768w, https:\/\/zaracaytv.com\/wp-content\/uploads\/2023\/07\/PUENTE-570x321.jpg 570w, https:\/\/zaracaytv.com\/wp-content\/uploads\/2023\/07\/PUENTE-270x152.jpg 270w, https:\/\/zaracaytv.com\/wp-content\/uploads\/2023\/07\/PUENTE.jpg 1429w\" sizes=\"auto, (max-width: 300px) 100vw, 300px\" \/>La llegada del fen\u00f3meno de El Ni\u00f1o agudiza su situaci\u00f3n. Por lo que esperan que se coloque pronto el puente provisional ofrecido por las autoridades. Adem\u00e1s de que deben pagar m\u00e1s dinero de lo normal por transportarse, algo que ha encarecido sus gastos diarios.\u00a0<\/span><\/p>\n<p><span style=\"font-weight: 400;\">En un d\u00eda pueden llegar a transportarse hasta 1.500 personas por esta, algo que les preocupa a estos habitantes es que m\u00e1s de 500 ni\u00f1os deben cruzar a diario en estas situaciones para acudir a sus escuelas.\u00a0<\/span><\/p>\n<p><span style=\"font-weight: 400;\">Esta situaci\u00f3n ha tra\u00eddo consecuencias a las localidades aleda\u00f1as, como la reducci\u00f3n de turistas a la zona en m\u00e1s del 80%.\u00a0<\/span><\/p>\n<p>\u00a0<\/p>\n<p><iframe title=\"Desde marzo no cuentan con un puente en la v\u00eda La Calacal\u00ed - La Independencia\" width=\"800\" height=\"450\" src=\"https:\/\/www.youtube.com\/embed\/sl-usDFu_K8?feature=oembed\" frameborder=\"0\" allow=\"accelerometer; autoplay; clipboard-write; encrypted-media; gyroscope; picture-in-picture; web-share\" allowfullscreen><\/iframe><\/p>\n<\/body>","protected":false},"excerpt":{"rendered":"<p>Desde la ca\u00edda del puente que estaba sobre el r\u00edo Blanco, pasaron ya 4 meses. No han cesado las dificultades por la destrucci\u00f3n de esta infraestructura que conectaba a cuatro provincias: Esmeraldas, Imbabura, Pichincha y Santo Domingo de los Ts\u00e1chilas. Frente a esto, las comunidades han desarrollado mecanismos para llegar a diario a sus destinos, [&hellip;]<\/p>\n","protected":false},"author":4,"featured_media":7441,"comment_status":"closed","ping_status":"closed","sticky":false,"template":"","format":"standard","meta":{"om_disable_all_campaigns":false,"_joinchat":[],"footnotes":""},"categories":[31],"tags":[],"class_list":["post-7440","post","type-post","status-publish","format-standard","has-post-thumbnail","hentry","category-la-region"],"_links":{"self":[{"href":"https:\/\/zaracaytv.com\/index.php?rest_route=\/wp\/v2\/posts\/7440","targetHints":{"allow":["GET"]}}],"collection":[{"href":"https:\/\/zaracaytv.com\/index.php?rest_route=\/wp\/v2\/posts"}],"about":[{"href":"https:\/\/zaracaytv.com\/index.php?rest_route=\/wp\/v2\/types\/post"}],"author":[{"embeddable":true,"href":"https:\/\/zaracaytv.com\/index.php?rest_route=\/wp\/v2\/users\/4"}],"replies":[{"embeddable":true,"href":"https:\/\/zaracaytv.com\/index.php?rest_route=%2Fwp%2Fv2%2Fcomments&post=7440"}],"version-history":[{"count":2,"href":"https:\/\/zaracaytv.com\/index.php?rest_route=\/wp\/v2\/posts\/7440\/revisions"}],"predecessor-version":[{"id":7443,"href":"https:\/\/zaracaytv.com\/index.php?rest_route=\/wp\/v2\/posts\/7440\/revisions\/7443"}],"wp:featuredmedia":[{"embeddable":true,"href":"https:\/\/zaracaytv.com\/index.php?rest_route=\/wp\/v2\/media\/7441"}],"wp:attachment":[{"href":"https:\/\/zaracaytv.com\/index.php?rest_route=%2Fwp%2Fv2%2Fmedia&parent=7440"}],"wp:term":[{"taxonomy":"category","embeddable":true,"href":"https:\/\/zaracaytv.com\/index.php?rest_route=%2Fwp%2Fv2%2Fcategories&post=7440"},{"taxonomy":"post_tag","embeddable":true,"href":"https:\/\/zaracaytv.com\/index.php?rest_route=%2Fwp%2Fv2%2Ftags&post=7440"}],"curies":[{"name":"wp","href":"https:\/\/api.w.org\/{rel}","templated":true}]}}