{"id":7374,"date":"2023-07-13T23:50:40","date_gmt":"2023-07-13T23:50:40","guid":{"rendered":"https:\/\/zaracaytv.com\/?p=7374"},"modified":"2023-07-13T23:50:40","modified_gmt":"2023-07-13T23:50:40","slug":"el-barrio-el-vergel-fue-uno-de-los-puntos-mas-afectados-en-santo-domingo-por-las-lluvias","status":"publish","type":"post","link":"https:\/\/zaracaytv.com\/?p=7374","title":{"rendered":"EL BARRIO EL VERGEL FUE UNO DE LOS PUNTOS M\u00c1S AFECTADOS EN SANTO DOMINGO POR LAS LLUVIAS"},"content":{"rendered":"<body><p><\/p><span style=\"font-weight: 400;\">El barrio El Vergel, en la urbanizaci\u00f3n Las Palmeras, fue uno de los puntos m\u00e1s afectados por los altos niveles de lluvia que se registraron este jueves desde horas de la madrugada en Santo Domingo. 20 familias perdieron sus enseres con el desbordamiento del R\u00edo Pove, que subi\u00f3 entre 3 y 4 metros de altura, inundando las viviendas y provocando que se pierdan sus enseres.\u00a0<\/span>\n<p><span style=\"font-weight: 400;\">Este problema en el sector es repetitivo. Cada vez que las lluvias superan los l\u00edmites de pluviosidad, se registran inundaciones. Las personas que viven en este sector, piden que se realicen trabajos preventivos. Uno de ellos, cambiar la alcantari<img loading=\"lazy\" decoding=\"async\" class=\"size-medium wp-image-7375 alignleft\" src=\"https:\/\/zaracaytv.com\/wp-content\/uploads\/2023\/07\/EL-VERGENL-300x176.jpg\" alt=\"\" width=\"300\" height=\"176\" loading=\"lazy\" srcset=\"https:\/\/zaracaytv.com\/wp-content\/uploads\/2023\/07\/EL-VERGENL-300x176.jpg 300w, https:\/\/zaracaytv.com\/wp-content\/uploads\/2023\/07\/EL-VERGENL-1024x599.jpg 1024w, https:\/\/zaracaytv.com\/wp-content\/uploads\/2023\/07\/EL-VERGENL-768x449.jpg 768w, https:\/\/zaracaytv.com\/wp-content\/uploads\/2023\/07\/EL-VERGENL-564x330.jpg 564w, https:\/\/zaracaytv.com\/wp-content\/uploads\/2023\/07\/EL-VERGENL-270x158.jpg 270w, https:\/\/zaracaytv.com\/wp-content\/uploads\/2023\/07\/EL-VERGENL.jpg 1497w\" sizes=\"auto, (max-width: 300px) 100vw, 300px\" \/>lla por una m\u00e1s grande para que las aguas del r\u00edo Pove puedan desfogar sin desbordarse.\u00a0<\/span><\/p>\n<p><span style=\"font-weight: 400;\">Este suceso requiri\u00f3 del despliegue de la Fuerza de Tarea Municipal, quienes ayudaron a evacuar el agua anegada, as\u00ed como tambi\u00e9n para llevar informaci\u00f3n para que la ayuda se despliegue en este punto para las familias afectadas.<\/span><\/p>\n<p><span style=\"font-weight: 400;\">En otros puntos, como en la Calle Los Pinos, en El Proletariado, se construyeron trampas para facilitar el drenaje del agua que se acumule en este sector, que tambi\u00e9n se inunda con facilidad. Sin embargo, no sirvieron de nada. El agua igual ingres\u00f3 a 8 viviendas.\u00a0<\/span><\/p>\n<p><span style=\"font-weight: 400;\">En este sector, los vecinos solicitan que se d\u00e9 continuaci\u00f3n al proyecto de alcantarillado para evitar que esto contin\u00fae sucediendo. Sobre todo porque el agua que ingresa a las casas tambi\u00e9n proviene de las aguas servidas que rebosan desperdicios, una situaci\u00f3n que tambi\u00e9n pone en riesgo la salud de estas familias.\u00a0<\/span><\/p>\n<p>\u00a0<\/p>\n<p><iframe title=\"El barrio El Vergel fue uno de los puntos m\u00e1s afectados en Santo Domingo por las lluvias\" width=\"800\" height=\"450\" src=\"https:\/\/www.youtube.com\/embed\/2zQimKEqS1o?feature=oembed\" frameborder=\"0\" allow=\"accelerometer; autoplay; clipboard-write; encrypted-media; gyroscope; picture-in-picture; web-share\" allowfullscreen><\/iframe><\/p>\n<\/body>","protected":false},"excerpt":{"rendered":"<p>El barrio El Vergel, en la urbanizaci\u00f3n Las Palmeras, fue uno de los puntos m\u00e1s afectados por los altos niveles de lluvia que se registraron este jueves desde horas de la madrugada en Santo Domingo. 20 familias perdieron sus enseres con el desbordamiento del R\u00edo Pove, que subi\u00f3 entre 3 y 4 metros de altura, [&hellip;]<\/p>\n","protected":false},"author":4,"featured_media":7375,"comment_status":"closed","ping_status":"closed","sticky":false,"template":"","format":"standard","meta":{"om_disable_all_campaigns":false,"_joinchat":[],"footnotes":""},"categories":[31],"tags":[],"class_list":["post-7374","post","type-post","status-publish","format-standard","has-post-thumbnail","hentry","category-la-region"],"_links":{"self":[{"href":"https:\/\/zaracaytv.com\/index.php?rest_route=\/wp\/v2\/posts\/7374","targetHints":{"allow":["GET"]}}],"collection":[{"href":"https:\/\/zaracaytv.com\/index.php?rest_route=\/wp\/v2\/posts"}],"about":[{"href":"https:\/\/zaracaytv.com\/index.php?rest_route=\/wp\/v2\/types\/post"}],"author":[{"embeddable":true,"href":"https:\/\/zaracaytv.com\/index.php?rest_route=\/wp\/v2\/users\/4"}],"replies":[{"embeddable":true,"href":"https:\/\/zaracaytv.com\/index.php?rest_route=%2Fwp%2Fv2%2Fcomments&post=7374"}],"version-history":[{"count":1,"href":"https:\/\/zaracaytv.com\/index.php?rest_route=\/wp\/v2\/posts\/7374\/revisions"}],"predecessor-version":[{"id":7376,"href":"https:\/\/zaracaytv.com\/index.php?rest_route=\/wp\/v2\/posts\/7374\/revisions\/7376"}],"wp:featuredmedia":[{"embeddable":true,"href":"https:\/\/zaracaytv.com\/index.php?rest_route=\/wp\/v2\/media\/7375"}],"wp:attachment":[{"href":"https:\/\/zaracaytv.com\/index.php?rest_route=%2Fwp%2Fv2%2Fmedia&parent=7374"}],"wp:term":[{"taxonomy":"category","embeddable":true,"href":"https:\/\/zaracaytv.com\/index.php?rest_route=%2Fwp%2Fv2%2Fcategories&post=7374"},{"taxonomy":"post_tag","embeddable":true,"href":"https:\/\/zaracaytv.com\/index.php?rest_route=%2Fwp%2Fv2%2Ftags&post=7374"}],"curies":[{"name":"wp","href":"https:\/\/api.w.org\/{rel}","templated":true}]}}