{"id":7362,"date":"2023-07-13T23:29:23","date_gmt":"2023-07-13T23:29:23","guid":{"rendered":"https:\/\/zaracaytv.com\/?p=7362"},"modified":"2023-07-13T23:29:23","modified_gmt":"2023-07-13T23:29:23","slug":"inicio-el-proceso-de-cedulacion-para-las-10-parroquias-de-santo-domingo-de-los-tsachilas","status":"publish","type":"post","link":"https:\/\/zaracaytv.com\/?p=7362","title":{"rendered":"INICI\u00d3 EL PROCESO DE CEDULACI\u00d3N PARA LAS 10 PARROQUIAS DE SANTO DOMINGO DE LOS TS\u00c1CHILAS"},"content":{"rendered":"<body><p><\/p><span style=\"font-weight: 400;\">Desde este 11 de julio inici\u00f3 el proceso de cedulaci\u00f3n en las diferentes parroquias rurales de Santo Domingo de los Ts\u00e1chilas. Yomara Rodr\u00edguez, coordinadora t\u00e9cnica del Registro Civil en la provincia, manifest\u00f3 que se encuentran con varias brigadas de atenci\u00f3n en las diferentes parroquias. A diario se c\u00e9dula a 150 personas.\u00a0<\/span>\n<p><span style=\"font-weight: 400;\"><img loading=\"lazy\" decoding=\"async\" class=\"size-medium wp-image-7363 alignleft\" src=\"https:\/\/zaracaytv.com\/wp-content\/uploads\/2023\/07\/CEDULACION-300x168.jpg\" alt=\"\" width=\"300\" height=\"168\" loading=\"lazy\" srcset=\"https:\/\/zaracaytv.com\/wp-content\/uploads\/2023\/07\/CEDULACION-300x168.jpg 300w, https:\/\/zaracaytv.com\/wp-content\/uploads\/2023\/07\/CEDULACION-1024x575.jpg 1024w, https:\/\/zaracaytv.com\/wp-content\/uploads\/2023\/07\/CEDULACION-768x431.jpg 768w, https:\/\/zaracaytv.com\/wp-content\/uploads\/2023\/07\/CEDULACION-1536x862.jpg 1536w, https:\/\/zaracaytv.com\/wp-content\/uploads\/2023\/07\/CEDULACION-570x320.jpg 570w, https:\/\/zaracaytv.com\/wp-content\/uploads\/2023\/07\/CEDULACION-270x152.jpg 270w, https:\/\/zaracaytv.com\/wp-content\/uploads\/2023\/07\/CEDULACION.jpg 1630w\" sizes=\"auto, (max-width: 300px) 100vw, 300px\" \/>En lugares como la parroquia El Esfuerzo los habitantes llegaron desde tempranas horas de la ma\u00f1ana para realizar el proceso de renovaci\u00f3n y actualizaci\u00f3n de datos. Son las dos acciones que realizan las brigadas. Esto para no tener inconvenientes durante las votaciones.<\/span><\/p>\n<p><span style=\"font-weight: 400;\">Algunos habitantes enfatizan que falt\u00f3 m\u00e1s informaci\u00f3n para conocer sobre el trabajo que estaba realizando el Registro Civil en la parroquia, pues muchos de ellos se acercaron por casualidad sin saber la actividad que se estaba desarrollando.<\/span><\/p>\n<p><span style=\"font-weight: 400;\">La atenci\u00f3n ser\u00e1 en los GAD Parroquiales los d\u00edas martes y jueves de 08:00 a 16:00. Se mantendr\u00e1n trabajando hasta una semana antes de las elecciones del 20 de agosto.<\/span><\/p>\n<p>\u00a0<\/p>\n<p><iframe title=\"Inici\u00f3 el proceso de cedulaci\u00f3n para las 10 parroquias de Santo Domingo de los Ts\u00e1chilas\" width=\"800\" height=\"450\" src=\"https:\/\/www.youtube.com\/embed\/aFC0lpkiKNM?feature=oembed\" frameborder=\"0\" allow=\"accelerometer; autoplay; clipboard-write; encrypted-media; gyroscope; picture-in-picture; web-share\" allowfullscreen><\/iframe><\/p>\n<\/body>","protected":false},"excerpt":{"rendered":"<p>Desde este 11 de julio inici\u00f3 el proceso de cedulaci\u00f3n en las diferentes parroquias rurales de Santo Domingo de los Ts\u00e1chilas. Yomara Rodr\u00edguez, coordinadora t\u00e9cnica del Registro Civil en la provincia, manifest\u00f3 que se encuentran con varias brigadas de atenci\u00f3n en las diferentes parroquias. A diario se c\u00e9dula a 150 personas.\u00a0 En lugares como la [&hellip;]<\/p>\n","protected":false},"author":4,"featured_media":7363,"comment_status":"closed","ping_status":"closed","sticky":false,"template":"","format":"standard","meta":{"om_disable_all_campaigns":false,"_joinchat":[],"footnotes":""},"categories":[31],"tags":[],"class_list":["post-7362","post","type-post","status-publish","format-standard","has-post-thumbnail","hentry","category-la-region"],"_links":{"self":[{"href":"https:\/\/zaracaytv.com\/index.php?rest_route=\/wp\/v2\/posts\/7362","targetHints":{"allow":["GET"]}}],"collection":[{"href":"https:\/\/zaracaytv.com\/index.php?rest_route=\/wp\/v2\/posts"}],"about":[{"href":"https:\/\/zaracaytv.com\/index.php?rest_route=\/wp\/v2\/types\/post"}],"author":[{"embeddable":true,"href":"https:\/\/zaracaytv.com\/index.php?rest_route=\/wp\/v2\/users\/4"}],"replies":[{"embeddable":true,"href":"https:\/\/zaracaytv.com\/index.php?rest_route=%2Fwp%2Fv2%2Fcomments&post=7362"}],"version-history":[{"count":1,"href":"https:\/\/zaracaytv.com\/index.php?rest_route=\/wp\/v2\/posts\/7362\/revisions"}],"predecessor-version":[{"id":7364,"href":"https:\/\/zaracaytv.com\/index.php?rest_route=\/wp\/v2\/posts\/7362\/revisions\/7364"}],"wp:featuredmedia":[{"embeddable":true,"href":"https:\/\/zaracaytv.com\/index.php?rest_route=\/wp\/v2\/media\/7363"}],"wp:attachment":[{"href":"https:\/\/zaracaytv.com\/index.php?rest_route=%2Fwp%2Fv2%2Fmedia&parent=7362"}],"wp:term":[{"taxonomy":"category","embeddable":true,"href":"https:\/\/zaracaytv.com\/index.php?rest_route=%2Fwp%2Fv2%2Fcategories&post=7362"},{"taxonomy":"post_tag","embeddable":true,"href":"https:\/\/zaracaytv.com\/index.php?rest_route=%2Fwp%2Fv2%2Ftags&post=7362"}],"curies":[{"name":"wp","href":"https:\/\/api.w.org\/{rel}","templated":true}]}}