{"id":7354,"date":"2023-07-13T01:21:25","date_gmt":"2023-07-13T01:21:25","guid":{"rendered":"https:\/\/zaracaytv.com\/?p=7354"},"modified":"2023-07-13T01:24:24","modified_gmt":"2023-07-13T01:24:24","slug":"7354","status":"publish","type":"post","link":"https:\/\/zaracaytv.com\/?p=7354","title":{"rendered":"LA DELINCUENCIA Y VIOLENCIA EN LA PROVINCIA TS\u00c1CHILA HA DISMINUIDO SEG\u00daN EL GOBERNADOR"},"content":{"rendered":"<body><p><\/p><span style=\"font-weight: 400;\">Seg\u00fan las declaraciones del gobernador de Santo Domingo de los Ts\u00e1chilas, Gruber Zambrano, generaron reacciones entre la ciudadan\u00eda, quienes expresan lo contrario. La inseguridad y la sensaci\u00f3n de peligro, es algo con lo que tienen que lidiar todos los d\u00edas al salir de casa a sus trabajos o a realizar distintas actividades.<\/span>\n<p><span style=\"font-weight: 400;\"><img loading=\"lazy\" decoding=\"async\" class=\"size-medium wp-image-7355 alignleft\" src=\"https:\/\/zaracaytv.com\/wp-content\/uploads\/2023\/07\/GOBERNADOR-300x172.png\" alt=\"\" width=\"300\" height=\"172\" loading=\"lazy\" srcset=\"https:\/\/zaracaytv.com\/wp-content\/uploads\/2023\/07\/GOBERNADOR-300x172.png 300w, https:\/\/zaracaytv.com\/wp-content\/uploads\/2023\/07\/GOBERNADOR-1024x586.png 1024w, https:\/\/zaracaytv.com\/wp-content\/uploads\/2023\/07\/GOBERNADOR-768x439.png 768w, https:\/\/zaracaytv.com\/wp-content\/uploads\/2023\/07\/GOBERNADOR-1536x879.png 1536w, https:\/\/zaracaytv.com\/wp-content\/uploads\/2023\/07\/GOBERNADOR-570x326.png 570w, https:\/\/zaracaytv.com\/wp-content\/uploads\/2023\/07\/GOBERNADOR-270x155.png 270w, https:\/\/zaracaytv.com\/wp-content\/uploads\/2023\/07\/GOBERNADOR.png 1599w\" sizes=\"auto, (max-width: 300px) 100vw, 300px\" \/>La Polic\u00eda Nacional por su parte expone que los \u00edndices de violencia se mantienen, mientras que los de delincuencia s\u00ed reflejan una reducci\u00f3n, de acuerdo a las estad\u00edsticas obtenidas en la \u00faltima semana, con el trabajo desplegado.<\/span><\/p>\n<p><span style=\"font-weight: 400;\">Seg\u00fan expertos en seguridad como Kl\u00e9ber Carri\u00f3n, las autoridades est\u00e1n minimizando la problem\u00e1tica en la provincia, lo que puede reflejarse en menos acciones para combatirla.<\/span><\/p>\n<p><span style=\"font-weight: 400;\">Desde la C\u00e1mara de Comercio de Santo Domingo, se sostiene que el 70% de los socios han sido v\u00edctimas de alg\u00fan tipo de delito, lo que evidencia que las redes delictivas siguen operando, en las noches y en el d\u00eda, ejecutan asaltos a mano armada, secuestros y atentados. As\u00ed como robos, extorsiones y vacunas.\u00a0<\/span><\/p>\n<p>\u00a0<\/p>\n<p><iframe title=\"La delincuencia y violencia en la provincia Ts\u00e1chila ha disminuido seg\u00fan el Gobernador\" width=\"800\" height=\"450\" src=\"https:\/\/www.youtube.com\/embed\/MvAhmVkN7hg?feature=oembed\" frameborder=\"0\" allow=\"accelerometer; autoplay; clipboard-write; encrypted-media; gyroscope; picture-in-picture; web-share\" allowfullscreen><\/iframe><\/p>\n<\/body>","protected":false},"excerpt":{"rendered":"<p>Seg\u00fan las declaraciones del gobernador de Santo Domingo de los Ts\u00e1chilas, Gruber Zambrano, generaron reacciones entre la ciudadan\u00eda, quienes expresan lo contrario. La inseguridad y la sensaci\u00f3n de peligro, es algo con lo que tienen que lidiar todos los d\u00edas al salir de casa a sus trabajos o a realizar distintas actividades. La Polic\u00eda Nacional [&hellip;]<\/p>\n","protected":false},"author":4,"featured_media":7355,"comment_status":"closed","ping_status":"closed","sticky":false,"template":"","format":"standard","meta":{"om_disable_all_campaigns":false,"_joinchat":[],"footnotes":""},"categories":[31],"tags":[],"class_list":["post-7354","post","type-post","status-publish","format-standard","has-post-thumbnail","hentry","category-la-region"],"_links":{"self":[{"href":"https:\/\/zaracaytv.com\/index.php?rest_route=\/wp\/v2\/posts\/7354","targetHints":{"allow":["GET"]}}],"collection":[{"href":"https:\/\/zaracaytv.com\/index.php?rest_route=\/wp\/v2\/posts"}],"about":[{"href":"https:\/\/zaracaytv.com\/index.php?rest_route=\/wp\/v2\/types\/post"}],"author":[{"embeddable":true,"href":"https:\/\/zaracaytv.com\/index.php?rest_route=\/wp\/v2\/users\/4"}],"replies":[{"embeddable":true,"href":"https:\/\/zaracaytv.com\/index.php?rest_route=%2Fwp%2Fv2%2Fcomments&post=7354"}],"version-history":[{"count":3,"href":"https:\/\/zaracaytv.com\/index.php?rest_route=\/wp\/v2\/posts\/7354\/revisions"}],"predecessor-version":[{"id":7358,"href":"https:\/\/zaracaytv.com\/index.php?rest_route=\/wp\/v2\/posts\/7354\/revisions\/7358"}],"wp:featuredmedia":[{"embeddable":true,"href":"https:\/\/zaracaytv.com\/index.php?rest_route=\/wp\/v2\/media\/7355"}],"wp:attachment":[{"href":"https:\/\/zaracaytv.com\/index.php?rest_route=%2Fwp%2Fv2%2Fmedia&parent=7354"}],"wp:term":[{"taxonomy":"category","embeddable":true,"href":"https:\/\/zaracaytv.com\/index.php?rest_route=%2Fwp%2Fv2%2Fcategories&post=7354"},{"taxonomy":"post_tag","embeddable":true,"href":"https:\/\/zaracaytv.com\/index.php?rest_route=%2Fwp%2Fv2%2Ftags&post=7354"}],"curies":[{"name":"wp","href":"https:\/\/api.w.org\/{rel}","templated":true}]}}