{"id":7351,"date":"2023-07-12T16:08:15","date_gmt":"2023-07-12T16:08:15","guid":{"rendered":"https:\/\/zaracaytv.com\/?p=7351"},"modified":"2023-07-12T16:08:15","modified_gmt":"2023-07-12T16:08:15","slug":"del-17-al-30-de-julio-los-bachilleres-podran-solicitar-ingresos-a-universidades-estatales-en-ecuador","status":"publish","type":"post","link":"https:\/\/zaracaytv.com\/?p=7351","title":{"rendered":"DEL 17 AL 30 DE JULIO LOS BACHILLERES PODR\u00c1N SOLICITAR INGRESOS A UNIVERSIDADES ESTATALES EN ECUADOR"},"content":{"rendered":"<body><p><\/p><span style=\"font-weight: 400;\">La Secretar\u00eda de Educaci\u00f3n Superior, Ciencia, Tecnolog\u00eda e Innovaci\u00f3n aspira que las universidades ofrezcan m\u00e1s de 120.000 cupos en este per\u00edodo acad\u00e9mico que empezar\u00e1 en el \u00faltimo trimestre del a\u00f1o. Para ello, los bachilleres deber\u00e1n inscribirse en la p\u00e1gina web registrounicoedusup.gob.ec del 17 hasta el 30 de julio, este ser\u00e1 el primer paso para acceder al segundo per\u00edodo acad\u00e9mico de 2023. Estuardo Cevallos, rector del Instituto Superior Tecnol\u00f3gico Ts\u00e1chila, enfatiz\u00f3 que este primer paso es importante si los postulantes desean tener una oportunidad para ingresar a la Universidad. En este Centro hay cupo para 700 estudiantes.\u00a0<\/span>\n<p><span style=\"font-weight: 400;\"><img loading=\"lazy\" decoding=\"async\" class=\"size-medium wp-image-7352 alignleft\" src=\"https:\/\/zaracaytv.com\/wp-content\/uploads\/2023\/07\/ESTUDIOS-300x167.png\" alt=\"\" width=\"300\" height=\"167\" loading=\"lazy\" srcset=\"https:\/\/zaracaytv.com\/wp-content\/uploads\/2023\/07\/ESTUDIOS-300x167.png 300w, https:\/\/zaracaytv.com\/wp-content\/uploads\/2023\/07\/ESTUDIOS-1024x569.png 1024w, https:\/\/zaracaytv.com\/wp-content\/uploads\/2023\/07\/ESTUDIOS-768x427.png 768w, https:\/\/zaracaytv.com\/wp-content\/uploads\/2023\/07\/ESTUDIOS-1536x854.png 1536w, https:\/\/zaracaytv.com\/wp-content\/uploads\/2023\/07\/ESTUDIOS-570x317.png 570w, https:\/\/zaracaytv.com\/wp-content\/uploads\/2023\/07\/ESTUDIOS-270x150.png 270w, https:\/\/zaracaytv.com\/wp-content\/uploads\/2023\/07\/ESTUDIOS.png 1592w\" sizes=\"auto, (max-width: 300px) 100vw, 300px\" \/>A su vez, se\u00f1al\u00f3 que se dar\u00e1 plazo a una postulaci\u00f3n extraordinaria para las personas que constaban en el registro y no consiguieron un cupo.<\/span><\/p>\n<p><span style=\"font-weight: 400;\">El problema que han encontrado varios bachilleres para este proceso es la falta de informaci\u00f3n. Esto complica que sepan d\u00f3nde se deben inscribir o c\u00f3mo pueden realizar el proceso de registro.<\/span><\/p>\n<p><span style=\"font-weight: 400;\">A su vez, hay malestar porque a\u00fan no existe una universidad p\u00fablica en Santo Domingo de los Ts\u00e1chilas, los padres de familia manifestaron que por esta situaci\u00f3n sus hijos tienen que viajar hacia otras ciudades para acceder a una educaci\u00f3n superior.<\/span><\/p>\n<p><span style=\"font-weight: 400;\">A\u00fan est\u00e1n pendientes las fechas correspondientes para el segundo paso que es el proceso de pruebas y si est\u00e1s ser\u00e1n de forma virtual o presencial.<\/span><\/p>\n<p><iframe title=\"Del 17 al 30 de julio los bachilleres podr\u00e1n solicitar ingresos a universidades estatales en Ecuador\" width=\"800\" height=\"450\" src=\"https:\/\/www.youtube.com\/embed\/gyP7BtlqZow?feature=oembed\" frameborder=\"0\" allow=\"accelerometer; autoplay; clipboard-write; encrypted-media; gyroscope; picture-in-picture; web-share\" allowfullscreen><\/iframe><\/p>\n<\/body>","protected":false},"excerpt":{"rendered":"<p>La Secretar\u00eda de Educaci\u00f3n Superior, Ciencia, Tecnolog\u00eda e Innovaci\u00f3n aspira que las universidades ofrezcan m\u00e1s de 120.000 cupos en este per\u00edodo acad\u00e9mico que empezar\u00e1 en el \u00faltimo trimestre del a\u00f1o. Para ello, los bachilleres deber\u00e1n inscribirse en la p\u00e1gina web registrounicoedusup.gob.ec del 17 hasta el 30 de julio, este ser\u00e1 el primer paso para acceder [&hellip;]<\/p>\n","protected":false},"author":4,"featured_media":7352,"comment_status":"closed","ping_status":"closed","sticky":false,"template":"","format":"standard","meta":{"om_disable_all_campaigns":false,"_joinchat":[],"footnotes":""},"categories":[31],"tags":[],"class_list":["post-7351","post","type-post","status-publish","format-standard","has-post-thumbnail","hentry","category-la-region"],"_links":{"self":[{"href":"https:\/\/zaracaytv.com\/index.php?rest_route=\/wp\/v2\/posts\/7351","targetHints":{"allow":["GET"]}}],"collection":[{"href":"https:\/\/zaracaytv.com\/index.php?rest_route=\/wp\/v2\/posts"}],"about":[{"href":"https:\/\/zaracaytv.com\/index.php?rest_route=\/wp\/v2\/types\/post"}],"author":[{"embeddable":true,"href":"https:\/\/zaracaytv.com\/index.php?rest_route=\/wp\/v2\/users\/4"}],"replies":[{"embeddable":true,"href":"https:\/\/zaracaytv.com\/index.php?rest_route=%2Fwp%2Fv2%2Fcomments&post=7351"}],"version-history":[{"count":1,"href":"https:\/\/zaracaytv.com\/index.php?rest_route=\/wp\/v2\/posts\/7351\/revisions"}],"predecessor-version":[{"id":7353,"href":"https:\/\/zaracaytv.com\/index.php?rest_route=\/wp\/v2\/posts\/7351\/revisions\/7353"}],"wp:featuredmedia":[{"embeddable":true,"href":"https:\/\/zaracaytv.com\/index.php?rest_route=\/wp\/v2\/media\/7352"}],"wp:attachment":[{"href":"https:\/\/zaracaytv.com\/index.php?rest_route=%2Fwp%2Fv2%2Fmedia&parent=7351"}],"wp:term":[{"taxonomy":"category","embeddable":true,"href":"https:\/\/zaracaytv.com\/index.php?rest_route=%2Fwp%2Fv2%2Fcategories&post=7351"},{"taxonomy":"post_tag","embeddable":true,"href":"https:\/\/zaracaytv.com\/index.php?rest_route=%2Fwp%2Fv2%2Ftags&post=7351"}],"curies":[{"name":"wp","href":"https:\/\/api.w.org\/{rel}","templated":true}]}}