{"id":7132,"date":"2023-06-30T01:35:10","date_gmt":"2023-06-30T01:35:10","guid":{"rendered":"https:\/\/zaracaytv.com\/?p=7132"},"modified":"2023-06-30T01:35:10","modified_gmt":"2023-06-30T01:35:10","slug":"un-presunto-secuestrador-fue-abatido-por-la-policia-despues-de-una-persecucion-ininterrumpida","status":"publish","type":"post","link":"https:\/\/zaracaytv.com\/?p=7132","title":{"rendered":"UN PRESUNTO SECUESTRADOR FUE ABATIDO POR LA POLIC\u00cdA DESPU\u00c9S DE UNA PERSECUCI\u00d3N ININTERRUMPIDA"},"content":{"rendered":"<body><p><\/p><span style=\"font-weight: 400;\">Haciendo uso leg\u00edtimo de la fuerza, la polic\u00eda abati\u00f3 a un presunto delincuente que respond\u00eda al nombre de Jos\u00e9 P. de 26 a\u00f1os, \u00e9l intentaba huir con dos hombres m\u00e1s, uno de los cuales era menor de edad y result\u00f3 herido en un cruce de balas con la Polic\u00eda. Los delincuentes hab\u00edan interceptado un veh\u00edculo y secuestrado al propietario del mismo en una cancha ubicada tras la Terminal Terrestre de Santo Domingo. Este es el segundo caso en el que los uniformados hacen uso leg\u00edtimo de la fuerza, el primero ocurri\u00f3 el 14 de junio cuando un hombre atent\u00f3 contra la Fiscal\u00eda. El jefe subrogante de la Subzona, Gustavo J\u00e1tiva, indic\u00f3 que Jos\u00e9 P. ten\u00eda dos antecedentes penales.<\/span>\n<p><span style=\"font-weight: 400;\"><img loading=\"lazy\" decoding=\"async\" class=\"size-medium wp-image-7133 alignleft\" src=\"http:\/\/zaracaytv.com\/wp-content\/uploads\/2023\/06\/ABATIDO-300x163.png\" alt=\"\" width=\"300\" height=\"163\" loading=\"lazy\" srcset=\"https:\/\/zaracaytv.com\/wp-content\/uploads\/2023\/06\/ABATIDO-300x163.png 300w, https:\/\/zaracaytv.com\/wp-content\/uploads\/2023\/06\/ABATIDO-1024x556.png 1024w, https:\/\/zaracaytv.com\/wp-content\/uploads\/2023\/06\/ABATIDO-768x417.png 768w, https:\/\/zaracaytv.com\/wp-content\/uploads\/2023\/06\/ABATIDO-570x310.png 570w, https:\/\/zaracaytv.com\/wp-content\/uploads\/2023\/06\/ABATIDO-270x147.png 270w, https:\/\/zaracaytv.com\/wp-content\/uploads\/2023\/06\/ABATIDO.png 1393w\" sizes=\"auto, (max-width: 300px) 100vw, 300px\" \/>Entre otros de los casos, la polic\u00eda manifest\u00f3 que detuvo a un delincuente en la Cristo Vive, mientras otros tres huyeron. Los antisociales son se\u00f1alados de haber secuestrado a dos personas de Quito que se encontraban de visita en Santo Domingo en la cooperativa Juan Eulogio. El aprehendido responde al nombre Luis M. de 25 a\u00f1os y tiene dos procesos judiciales.<\/span><\/p>\n<p><span style=\"font-weight: 400;\">La polic\u00eda tambi\u00e9n investiga lo ocurrido la noche de este mi\u00e9rcoles, donde varios sujetos ingresaron a la feria ubicada en la zona rosa para robar las pertenencias de varios comerciantes. Ante esta situaci\u00f3n se redoblaron los operativos de seguridad en este punto.<\/span><\/p>\n<p>\u00a0<\/p>\n<p><iframe title=\"Un presunto secuestrador fue abatido por la polic\u00eda despu\u00e9s de una persecuci\u00f3n ininterrumpida\" width=\"800\" height=\"450\" src=\"https:\/\/www.youtube.com\/embed\/yJwDFzIZ2ns?feature=oembed\" frameborder=\"0\" allow=\"accelerometer; autoplay; clipboard-write; encrypted-media; gyroscope; picture-in-picture; web-share\" allowfullscreen><\/iframe><\/p>\n<\/body>","protected":false},"excerpt":{"rendered":"<p>Haciendo uso leg\u00edtimo de la fuerza, la polic\u00eda abati\u00f3 a un presunto delincuente que respond\u00eda al nombre de Jos\u00e9 P. de 26 a\u00f1os, \u00e9l intentaba huir con dos hombres m\u00e1s, uno de los cuales era menor de edad y result\u00f3 herido en un cruce de balas con la Polic\u00eda. Los delincuentes hab\u00edan interceptado un veh\u00edculo [&hellip;]<\/p>\n","protected":false},"author":4,"featured_media":7133,"comment_status":"closed","ping_status":"closed","sticky":false,"template":"","format":"standard","meta":{"om_disable_all_campaigns":false,"_joinchat":[],"footnotes":""},"categories":[48],"tags":[],"class_list":["post-7132","post","type-post","status-publish","format-standard","has-post-thumbnail","hentry","category-cronica-roja"],"_links":{"self":[{"href":"https:\/\/zaracaytv.com\/index.php?rest_route=\/wp\/v2\/posts\/7132","targetHints":{"allow":["GET"]}}],"collection":[{"href":"https:\/\/zaracaytv.com\/index.php?rest_route=\/wp\/v2\/posts"}],"about":[{"href":"https:\/\/zaracaytv.com\/index.php?rest_route=\/wp\/v2\/types\/post"}],"author":[{"embeddable":true,"href":"https:\/\/zaracaytv.com\/index.php?rest_route=\/wp\/v2\/users\/4"}],"replies":[{"embeddable":true,"href":"https:\/\/zaracaytv.com\/index.php?rest_route=%2Fwp%2Fv2%2Fcomments&post=7132"}],"version-history":[{"count":1,"href":"https:\/\/zaracaytv.com\/index.php?rest_route=\/wp\/v2\/posts\/7132\/revisions"}],"predecessor-version":[{"id":7134,"href":"https:\/\/zaracaytv.com\/index.php?rest_route=\/wp\/v2\/posts\/7132\/revisions\/7134"}],"wp:featuredmedia":[{"embeddable":true,"href":"https:\/\/zaracaytv.com\/index.php?rest_route=\/wp\/v2\/media\/7133"}],"wp:attachment":[{"href":"https:\/\/zaracaytv.com\/index.php?rest_route=%2Fwp%2Fv2%2Fmedia&parent=7132"}],"wp:term":[{"taxonomy":"category","embeddable":true,"href":"https:\/\/zaracaytv.com\/index.php?rest_route=%2Fwp%2Fv2%2Fcategories&post=7132"},{"taxonomy":"post_tag","embeddable":true,"href":"https:\/\/zaracaytv.com\/index.php?rest_route=%2Fwp%2Fv2%2Ftags&post=7132"}],"curies":[{"name":"wp","href":"https:\/\/api.w.org\/{rel}","templated":true}]}}