{"id":6948,"date":"2023-06-21T21:54:58","date_gmt":"2023-06-21T21:54:58","guid":{"rendered":"https:\/\/zaracaytv.com\/?p=6948"},"modified":"2023-06-21T21:54:58","modified_gmt":"2023-06-21T21:54:58","slug":"en-santo-domingo-de-los-tsachilas-se-han-entregado-101-indultos-a-personas-privadas-de-la-libertad","status":"publish","type":"post","link":"https:\/\/zaracaytv.com\/?p=6948","title":{"rendered":"EN SANTO DOMINGO DE LOS TS\u00c1CHILAS SE HAN ENTREGADO 101 INDULTOS A PERSONAS PRIVADAS DE LA LIBERTAD"},"content":{"rendered":"<body><p><\/p><span style=\"font-weight: 400;\">101 indultos se concedieron a personas privadas de la libertad con la ayuda conjunta entre la Defensor\u00eda P\u00fablica y el Servicio Nacional de Atenci\u00f3n Integral a Personas Adultas Privadas de la Libertad y Adolescentes Infractores en Santo Domingo de los Ts\u00e1chilas en el a\u00f1o 2022. De los cuales solo 2 fueron indultos presidenciales por la crisis carcelaria. Este a\u00f1o no se han entregado estos beneficios, manifest\u00f3 Mauricio Sotal\u00edn, director provincial de la Defensor\u00eda P\u00fablica.<\/span>\n<p><span style=\"font-weight: 400;\"><img loading=\"lazy\" decoding=\"async\" class=\"size-medium wp-image-6950 alignleft\" src=\"http:\/\/zaracaytv.com\/wp-content\/uploads\/2023\/06\/INDULTOS-300x160.png\" alt=\"\" width=\"300\" height=\"160\" loading=\"lazy\" srcset=\"https:\/\/zaracaytv.com\/wp-content\/uploads\/2023\/06\/INDULTOS-300x160.png 300w, https:\/\/zaracaytv.com\/wp-content\/uploads\/2023\/06\/INDULTOS-1024x545.png 1024w, https:\/\/zaracaytv.com\/wp-content\/uploads\/2023\/06\/INDULTOS-768x409.png 768w, https:\/\/zaracaytv.com\/wp-content\/uploads\/2023\/06\/INDULTOS-1536x817.png 1536w, https:\/\/zaracaytv.com\/wp-content\/uploads\/2023\/06\/INDULTOS-570x303.png 570w, https:\/\/zaracaytv.com\/wp-content\/uploads\/2023\/06\/INDULTOS-270x144.png 270w, https:\/\/zaracaytv.com\/wp-content\/uploads\/2023\/06\/INDULTOS.png 1569w\" sizes=\"auto, (max-width: 300px) 100vw, 300px\" \/>En otras de las garant\u00edas entregadas tambi\u00e9n est\u00e1 el H\u00e1beas corpus. De enero a junio la Defensor\u00eda P\u00fablica concedi\u00f3 5 de estos procesos judiciales y actualmente trabaja en el sexto para una persona privada de libertad que se encuentra parapl\u00e9jica en el Centro de Privaci\u00f3n de Libertad Bellavista. Uno de estos \u00faltimos procesos lo recibi\u00f3 Christian Rodr\u00edguez, quien fue herido durante una ri\u00f1a en la c\u00e1rcel y qued\u00f3 con m\u00e1s del 90% de discapacidad.<\/span><\/p>\n<p><span style=\"font-weight: 400;\">El objetivo de la entrega de indultos es reducir el hacinamiento en la c\u00e1rceles del Ecuador, en Santo Domingos de los Ts\u00e1chilas, el a\u00f1o pasado se encontraban cumpliendo condena alrededor de 1200 presos.\u00a0<\/span><\/p>\n<p>\u00a0<\/p>\n<p><iframe title=\"En Santo Domingo de los Ts\u00e1chilas se han entregado 101 indultos a personas privadas de la libertad\" width=\"800\" height=\"450\" src=\"https:\/\/www.youtube.com\/embed\/XO7X0xzhCqM?feature=oembed\" frameborder=\"0\" allow=\"accelerometer; autoplay; clipboard-write; encrypted-media; gyroscope; picture-in-picture; web-share\" allowfullscreen><\/iframe><\/p>\n<p>\u00a0<\/p>\n<\/body>","protected":false},"excerpt":{"rendered":"<p>101 indultos se concedieron a personas privadas de la libertad con la ayuda conjunta entre la Defensor\u00eda P\u00fablica y el Servicio Nacional de Atenci\u00f3n Integral a Personas Adultas Privadas de la Libertad y Adolescentes Infractores en Santo Domingo de los Ts\u00e1chilas en el a\u00f1o 2022. De los cuales solo 2 fueron indultos presidenciales por la [&hellip;]<\/p>\n","protected":false},"author":4,"featured_media":6950,"comment_status":"closed","ping_status":"closed","sticky":false,"template":"","format":"standard","meta":{"om_disable_all_campaigns":false,"_joinchat":[],"footnotes":""},"categories":[31],"tags":[],"class_list":["post-6948","post","type-post","status-publish","format-standard","has-post-thumbnail","hentry","category-la-region"],"_links":{"self":[{"href":"https:\/\/zaracaytv.com\/index.php?rest_route=\/wp\/v2\/posts\/6948","targetHints":{"allow":["GET"]}}],"collection":[{"href":"https:\/\/zaracaytv.com\/index.php?rest_route=\/wp\/v2\/posts"}],"about":[{"href":"https:\/\/zaracaytv.com\/index.php?rest_route=\/wp\/v2\/types\/post"}],"author":[{"embeddable":true,"href":"https:\/\/zaracaytv.com\/index.php?rest_route=\/wp\/v2\/users\/4"}],"replies":[{"embeddable":true,"href":"https:\/\/zaracaytv.com\/index.php?rest_route=%2Fwp%2Fv2%2Fcomments&post=6948"}],"version-history":[{"count":2,"href":"https:\/\/zaracaytv.com\/index.php?rest_route=\/wp\/v2\/posts\/6948\/revisions"}],"predecessor-version":[{"id":6952,"href":"https:\/\/zaracaytv.com\/index.php?rest_route=\/wp\/v2\/posts\/6948\/revisions\/6952"}],"wp:featuredmedia":[{"embeddable":true,"href":"https:\/\/zaracaytv.com\/index.php?rest_route=\/wp\/v2\/media\/6950"}],"wp:attachment":[{"href":"https:\/\/zaracaytv.com\/index.php?rest_route=%2Fwp%2Fv2%2Fmedia&parent=6948"}],"wp:term":[{"taxonomy":"category","embeddable":true,"href":"https:\/\/zaracaytv.com\/index.php?rest_route=%2Fwp%2Fv2%2Fcategories&post=6948"},{"taxonomy":"post_tag","embeddable":true,"href":"https:\/\/zaracaytv.com\/index.php?rest_route=%2Fwp%2Fv2%2Ftags&post=6948"}],"curies":[{"name":"wp","href":"https:\/\/api.w.org\/{rel}","templated":true}]}}