{"id":6945,"date":"2023-06-21T16:10:55","date_gmt":"2023-06-21T16:10:55","guid":{"rendered":"https:\/\/zaracaytv.com\/?p=6945"},"modified":"2023-06-21T16:10:55","modified_gmt":"2023-06-21T16:10:55","slug":"quedan-dos-meses-para-los-comicios-anticipados-para-este-2023","status":"publish","type":"post","link":"https:\/\/zaracaytv.com\/?p=6945","title":{"rendered":"QUEDAN DOS MESES PARA LOS COMICIOS ANTICIPADOS PARA ESTE 2023"},"content":{"rendered":"<body><p><\/p><span style=\"font-weight: 400;\">Este lunes, se desarroll\u00f3 una caminata encabezada por los candidatos del binomio presidencial de la lista 5, en Santo Domingo. Esta actividad cont\u00f3 con banderas, n\u00famero, canciones y logotipos. Culmin\u00f3 en los bajos del palacio municipal en donde se instal\u00f3 una tarima a la que se sumaron candidatos a la Asamblea Nacional, funcionarios p\u00fablicos e incluso autoridades locales. Todo esto es calificado por el Consejo Nacional Electoral como campa\u00f1a anticipada, explic\u00f3 Luis Ord\u00f3\u00f1ez, analista provincial de participaci\u00f3n pol\u00edtica.\u00a0<\/span>\n<p><span style=\"font-weight: 400;\"><img loading=\"lazy\" decoding=\"async\" class=\"size-medium wp-image-6946 alignleft\" src=\"http:\/\/zaracaytv.com\/wp-content\/uploads\/2023\/06\/CAMPANA-300x176.png\" alt=\"\" width=\"300\" height=\"176\" loading=\"lazy\" srcset=\"https:\/\/zaracaytv.com\/wp-content\/uploads\/2023\/06\/CAMPANA-300x176.png 300w, https:\/\/zaracaytv.com\/wp-content\/uploads\/2023\/06\/CAMPANA-1024x601.png 1024w, https:\/\/zaracaytv.com\/wp-content\/uploads\/2023\/06\/CAMPANA-768x451.png 768w, https:\/\/zaracaytv.com\/wp-content\/uploads\/2023\/06\/CAMPANA-562x330.png 562w, https:\/\/zaracaytv.com\/wp-content\/uploads\/2023\/06\/CAMPANA-270x158.png 270w, https:\/\/zaracaytv.com\/wp-content\/uploads\/2023\/06\/CAMPANA.png 1319w\" sizes=\"auto, (max-width: 300px) 100vw, 300px\" \/>El C\u00f3digo de la Democracia establece que, desde la convocatoria a elecciones hasta el inicio de la campa\u00f1a electoral, las organizaciones pol\u00edticas solo pueden realizar actividades para difundir su ideolog\u00eda, programas de gobierno y planes de trabajo. Pero no pueden hacer contrataciones en prensa, radio, televisi\u00f3n, medios digitales y vallas publicitarias. Es as\u00ed que se considera campa\u00f1a anticipada a todo acto proselitista de reuni\u00f3n p\u00fablica, asamblea o marcha que difunda o utilice propaganda o publicidad electoral con la imagen, voz y nombres exclusivos de quienes se encuentren inscritos como candidatos. La campa\u00f1a anticipada es una infracci\u00f3n electoral grave, con una multa de 11 a 20 salarios b\u00e1sicos, es decir de USD 4.675 a USD 8.500. A pesar de esto, se puede ver en las calles la promoci\u00f3n de candidatos en veh\u00edculos, vallas, muros pintados y tambi\u00e9n en redes sociales.<\/span><\/p>\n<p><span style=\"font-weight: 400;\">A lo que se suma tambi\u00e9n los residuos de la propaganda electoral de las elecciones seccionales del 5 de febrero, que a\u00fan no ha sido retirada. Esto en Santo Domingo es regulado por la Direcci\u00f3n de Control Territorial del Municipio, desde donde se advierte que hay organizaciones pol\u00edticas como la lista 16 que tiene multas acumuladas que superan los 30 mil d\u00f3lares- Rodrigo Naranjo, director de esta dependencia municipal, explica que est\u00e1n a la espera que los partidos y movimientos realicen el tr\u00e1mite correspondiente.<\/span><\/p>\n<p><span style=\"font-weight: 400;\">De los comicios anteriores ninguna organizaci\u00f3n obtuvo permisos para colocar publicidad y en el proceso actual, ninguna se encuentra tramit\u00e1ndolo a\u00fan. Adem\u00e1s se especific\u00f3 que la normativa cantonal proh\u00edbe la colocaci\u00f3n de pancartas en los postes.\u00a0<\/span><\/p>\n<p><iframe title=\"Quedan dos meses para ir a las urnas en el marco de los comicios anticipados para este 2023\" width=\"800\" height=\"450\" src=\"https:\/\/www.youtube.com\/embed\/bs3BkauxzY0?feature=oembed\" frameborder=\"0\" allow=\"accelerometer; autoplay; clipboard-write; encrypted-media; gyroscope; picture-in-picture; web-share\" allowfullscreen><\/iframe><\/p>\n<\/body>","protected":false},"excerpt":{"rendered":"<p>Este lunes, se desarroll\u00f3 una caminata encabezada por los candidatos del binomio presidencial de la lista 5, en Santo Domingo. Esta actividad cont\u00f3 con banderas, n\u00famero, canciones y logotipos. Culmin\u00f3 en los bajos del palacio municipal en donde se instal\u00f3 una tarima a la que se sumaron candidatos a la Asamblea Nacional, funcionarios p\u00fablicos e [&hellip;]<\/p>\n","protected":false},"author":4,"featured_media":6946,"comment_status":"closed","ping_status":"closed","sticky":false,"template":"","format":"standard","meta":{"om_disable_all_campaigns":false,"_joinchat":[],"footnotes":""},"categories":[31],"tags":[],"class_list":["post-6945","post","type-post","status-publish","format-standard","has-post-thumbnail","hentry","category-la-region"],"_links":{"self":[{"href":"https:\/\/zaracaytv.com\/index.php?rest_route=\/wp\/v2\/posts\/6945","targetHints":{"allow":["GET"]}}],"collection":[{"href":"https:\/\/zaracaytv.com\/index.php?rest_route=\/wp\/v2\/posts"}],"about":[{"href":"https:\/\/zaracaytv.com\/index.php?rest_route=\/wp\/v2\/types\/post"}],"author":[{"embeddable":true,"href":"https:\/\/zaracaytv.com\/index.php?rest_route=\/wp\/v2\/users\/4"}],"replies":[{"embeddable":true,"href":"https:\/\/zaracaytv.com\/index.php?rest_route=%2Fwp%2Fv2%2Fcomments&post=6945"}],"version-history":[{"count":1,"href":"https:\/\/zaracaytv.com\/index.php?rest_route=\/wp\/v2\/posts\/6945\/revisions"}],"predecessor-version":[{"id":6947,"href":"https:\/\/zaracaytv.com\/index.php?rest_route=\/wp\/v2\/posts\/6945\/revisions\/6947"}],"wp:featuredmedia":[{"embeddable":true,"href":"https:\/\/zaracaytv.com\/index.php?rest_route=\/wp\/v2\/media\/6946"}],"wp:attachment":[{"href":"https:\/\/zaracaytv.com\/index.php?rest_route=%2Fwp%2Fv2%2Fmedia&parent=6945"}],"wp:term":[{"taxonomy":"category","embeddable":true,"href":"https:\/\/zaracaytv.com\/index.php?rest_route=%2Fwp%2Fv2%2Fcategories&post=6945"},{"taxonomy":"post_tag","embeddable":true,"href":"https:\/\/zaracaytv.com\/index.php?rest_route=%2Fwp%2Fv2%2Ftags&post=6945"}],"curies":[{"name":"wp","href":"https:\/\/api.w.org\/{rel}","templated":true}]}}