{"id":6942,"date":"2023-06-21T15:44:29","date_gmt":"2023-06-21T15:44:29","guid":{"rendered":"https:\/\/zaracaytv.com\/?p=6942"},"modified":"2023-06-21T15:44:29","modified_gmt":"2023-06-21T15:44:29","slug":"en-4-intersecciones-de-santo-domingo-ya-estan-activadas-las-camaras-de-fotorrojo","status":"publish","type":"post","link":"https:\/\/zaracaytv.com\/?p=6942","title":{"rendered":"EN 4 INTERSECCIONES DE SANTO DOMINGO YA EST\u00c1N ACTIVADAS LAS C\u00c1MARAS DE FOTORROJO"},"content":{"rendered":"<body><p><\/p>Estos dispositivos evidencian a conductores que no respeten la luz roja del sem\u00e1foro.\n<p><span style=\"font-weight: 400;\">Desde hace dos semanas est\u00e1n activas las c\u00e1maras de fotorrojos en 4 puntos de la ciudad de Santo Domingo. Hasta el momento, estos dispositivos han emitido alrededor de 60 advertencias a conductores que no respetan la luz roja en esos puntos. Karina Mac\u00edas, directora t\u00e9cnica de tr\u00e1nsito encargada de la Empresa P\u00fablica Municipal de Transporte, explic\u00f3 que estas notificaciones que han recibido algunos ciudadanos son netamente concientizadoras.<\/span><\/p>\n<p><span style=\"font-weight: 400;\"><img loading=\"lazy\" decoding=\"async\" class=\"size-medium wp-image-6943 alignleft\" src=\"http:\/\/zaracaytv.com\/wp-content\/uploads\/2023\/06\/fotorrojo-300x168.png\" alt=\"\" width=\"300\" height=\"168\" loading=\"lazy\" srcset=\"https:\/\/zaracaytv.com\/wp-content\/uploads\/2023\/06\/fotorrojo-300x168.png 300w, https:\/\/zaracaytv.com\/wp-content\/uploads\/2023\/06\/fotorrojo-768x429.png 768w, https:\/\/zaracaytv.com\/wp-content\/uploads\/2023\/06\/fotorrojo-570x319.png 570w, https:\/\/zaracaytv.com\/wp-content\/uploads\/2023\/06\/fotorrojo-270x151.png 270w, https:\/\/zaracaytv.com\/wp-content\/uploads\/2023\/06\/fotorrojo.png 1005w\" sizes=\"auto, (max-width: 300px) 100vw, 300px\" \/>No hay un lapso espec\u00edfico por cu\u00e1nto tiempo durar\u00e1 la campa\u00f1a de concientizaci\u00f3n activada en estos puntos, pero se destac\u00f3 que de acuerdo a los estudios de siniestralidad en la ciudad, se ha determinado que es necesario mantenerlos en:<\/span><\/p>\n<p><span style=\"font-weight: 400;\">Sin embargo, esto a\u00fan es desconocido por muchos conductores, quienes indican que m\u00e1s all\u00e1 de los dispositivos, es importante contar con presencia de los agentes civiles de tr\u00e1nsito para regular el tr\u00e1fico en estas intersecciones conflictivas.<\/span><\/p>\n<p><span style=\"font-weight: 400;\">La Empresa P\u00fablica de Transporte adquiri\u00f3 por un valor de 1 mill\u00f3n 200 mil d\u00f3lares estos dispositivos, los PDA\u2019s, las body cams y el centro de monitoreo. Fueron 15 puntos contratados hace m\u00e1s de un a\u00f1o, que nunca funcionaron y que hab\u00eda advertido a la empresa contratista multas econ\u00f3micas por incumplimiento. Sin embargo, ahora se han habilitado en 4 intersecciones. Las otras a\u00fan no funcionan y se expone que se trasladar\u00e1n al by pass para reducir la accidentabilidad, pero tampoco se sabe con exactitud cu\u00e1ndo ni en qu\u00e9 puntos espec\u00edficos ser\u00e1n colocados.\u00a0<\/span><\/p>\n<p><iframe title=\"En 4 intersecciones de Santo Domingo ya est\u00e1n activadas las c\u00e1maras de fotorrojo\" width=\"800\" height=\"450\" src=\"https:\/\/www.youtube.com\/embed\/7RAG8DODfjM?feature=oembed\" frameborder=\"0\" allow=\"accelerometer; autoplay; clipboard-write; encrypted-media; gyroscope; picture-in-picture; web-share\" allowfullscreen><\/iframe><\/p>\n<\/body>","protected":false},"excerpt":{"rendered":"<p>Estos dispositivos evidencian a conductores que no respeten la luz roja del sem\u00e1foro. Desde hace dos semanas est\u00e1n activas las c\u00e1maras de fotorrojos en 4 puntos de la ciudad de Santo Domingo. Hasta el momento, estos dispositivos han emitido alrededor de 60 advertencias a conductores que no respetan la luz roja en esos puntos. Karina [&hellip;]<\/p>\n","protected":false},"author":4,"featured_media":6943,"comment_status":"closed","ping_status":"closed","sticky":false,"template":"","format":"standard","meta":{"om_disable_all_campaigns":false,"_joinchat":[],"footnotes":""},"categories":[31],"tags":[],"class_list":["post-6942","post","type-post","status-publish","format-standard","has-post-thumbnail","hentry","category-la-region"],"_links":{"self":[{"href":"https:\/\/zaracaytv.com\/index.php?rest_route=\/wp\/v2\/posts\/6942","targetHints":{"allow":["GET"]}}],"collection":[{"href":"https:\/\/zaracaytv.com\/index.php?rest_route=\/wp\/v2\/posts"}],"about":[{"href":"https:\/\/zaracaytv.com\/index.php?rest_route=\/wp\/v2\/types\/post"}],"author":[{"embeddable":true,"href":"https:\/\/zaracaytv.com\/index.php?rest_route=\/wp\/v2\/users\/4"}],"replies":[{"embeddable":true,"href":"https:\/\/zaracaytv.com\/index.php?rest_route=%2Fwp%2Fv2%2Fcomments&post=6942"}],"version-history":[{"count":1,"href":"https:\/\/zaracaytv.com\/index.php?rest_route=\/wp\/v2\/posts\/6942\/revisions"}],"predecessor-version":[{"id":6944,"href":"https:\/\/zaracaytv.com\/index.php?rest_route=\/wp\/v2\/posts\/6942\/revisions\/6944"}],"wp:featuredmedia":[{"embeddable":true,"href":"https:\/\/zaracaytv.com\/index.php?rest_route=\/wp\/v2\/media\/6943"}],"wp:attachment":[{"href":"https:\/\/zaracaytv.com\/index.php?rest_route=%2Fwp%2Fv2%2Fmedia&parent=6942"}],"wp:term":[{"taxonomy":"category","embeddable":true,"href":"https:\/\/zaracaytv.com\/index.php?rest_route=%2Fwp%2Fv2%2Fcategories&post=6942"},{"taxonomy":"post_tag","embeddable":true,"href":"https:\/\/zaracaytv.com\/index.php?rest_route=%2Fwp%2Fv2%2Ftags&post=6942"}],"curies":[{"name":"wp","href":"https:\/\/api.w.org\/{rel}","templated":true}]}}