{"id":6939,"date":"2023-06-21T15:19:55","date_gmt":"2023-06-21T15:19:55","guid":{"rendered":"https:\/\/zaracaytv.com\/?p=6939"},"modified":"2023-06-22T16:20:02","modified_gmt":"2023-06-22T16:20:02","slug":"los-equipos-pdas-fueron-devueltos-a-los-agentes-civiles-de-transito-en-santo-domingo","status":"publish","type":"post","link":"https:\/\/zaracaytv.com\/?p=6939","title":{"rendered":"LOS EQUIPOS PDA\u2019S FUERON DEVUELTOS A LOS AGENTES CIVILES DE TR\u00c1NSITO EN SANTO DOMINGO"},"content":{"rendered":"<body><p><\/p><span style=\"font-weight: 400;\">Los agentes civiles de tr\u00e1nsito ya cuentan nuevamente con los PDA\u2019s para sancionar a los conductores que infrinjan la Ley de Tr\u00e1nsito en Santo Domingo. Esto desde hace 5 d\u00edas en que la Empresa P\u00fablica Municipal de Transporte les devolvi\u00f3 el software.\u00a0\u00a0<\/span>\n<p><img loading=\"lazy\" decoding=\"async\" class=\"size-medium wp-image-6970 alignleft\" src=\"http:\/\/zaracaytv.com\/wp-content\/uploads\/2023\/06\/PDA-300x170.png\" alt=\"\" width=\"300\" height=\"170\" loading=\"lazy\" srcset=\"https:\/\/zaracaytv.com\/wp-content\/uploads\/2023\/06\/PDA-300x170.png 300w, https:\/\/zaracaytv.com\/wp-content\/uploads\/2023\/06\/PDA-1024x580.png 1024w, https:\/\/zaracaytv.com\/wp-content\/uploads\/2023\/06\/PDA-768x435.png 768w, https:\/\/zaracaytv.com\/wp-content\/uploads\/2023\/06\/PDA-570x323.png 570w, https:\/\/zaracaytv.com\/wp-content\/uploads\/2023\/06\/PDA-270x153.png 270w, https:\/\/zaracaytv.com\/wp-content\/uploads\/2023\/06\/PDA.png 1413w\" sizes=\"auto, (max-width: 300px) 100vw, 300px\" \/>Javier Murillo, jefe de\u00a0tr\u00e1nsito, explic\u00f3 que al retomar la actividades como agentes en el \u00e1mbito sancionador, sorprendieron a muchos conductores.<\/p>\n<p>Este fin de semana se registraron 6 accidentes de tr\u00e1nsito en la zona urbana de la ciudad. Uno de ellos, ocurri\u00f3 el s\u00e1bado en la Avenida Ts\u00e1chila y 29 de Mayo, cuando esta camioneta se estrell\u00f3 contra un taxi, lo arrincon\u00f3 contra una farmacia y da\u00f1\u00f3 un poste semaf\u00f3rico. Murillo explic\u00f3 que al no registrarse p\u00e9rdidas humanas, la ley faculta que los conductores arreglen el problema a trav\u00e9s de un acta de mediaci\u00f3n.<\/p>\n<p><span style=\"font-weight: 400;\">Sin embargo, este siniestro fue provocado por una persona que conduc\u00eda en estado et\u00edlico y se pas\u00f3 el sem\u00e1foro en rojo. Seg\u00fan las autoridades, ten\u00eda el porcentaje m\u00e1s alto de alcohol en su cuerpo.<\/span><\/p>\n<p><span style=\"font-weight: 400;\">\u00a0<\/span><img loading=\"lazy\" decoding=\"async\" class=\"size-medium wp-image-6940 alignright\" src=\"http:\/\/zaracaytv.com\/wp-content\/uploads\/2023\/06\/agentes-300x166.png\" alt=\"\" width=\"300\" height=\"166\" loading=\"lazy\" srcset=\"https:\/\/zaracaytv.com\/wp-content\/uploads\/2023\/06\/agentes-300x166.png 300w, https:\/\/zaracaytv.com\/wp-content\/uploads\/2023\/06\/agentes-1024x565.png 1024w, https:\/\/zaracaytv.com\/wp-content\/uploads\/2023\/06\/agentes-768x424.png 768w, https:\/\/zaracaytv.com\/wp-content\/uploads\/2023\/06\/agentes-570x315.png 570w, https:\/\/zaracaytv.com\/wp-content\/uploads\/2023\/06\/agentes-270x149.png 270w, https:\/\/zaracaytv.com\/wp-content\/uploads\/2023\/06\/agentes.png 1149w\" sizes=\"auto, (max-width: 300px) 100vw, 300px\" \/><\/p>\n<p><span style=\"font-weight: 400;\">As\u00ed como el conductor que arrastr\u00f3 un poste de luces ornamentales en la zona rosa, que al parecer tambi\u00e9n estaba ebrio. Este caso a\u00fan es investigado por las autoridades. Para el control de conductores en estado de embriaguez, hay 4 alcohochecks que est\u00e1n a disposici\u00f3n de los agentes. Advierten que en esta \u00e9poca de fiestas los operativos ser\u00e1n m\u00e1s regulares debido al incremento de personas que se aventuran a conducir en estado et\u00edlico.<\/span><\/p>\n<p><iframe title=\"Hace 5 d\u00edas se les devolvi\u00f3 los PDA\u2019s a los agentes civiles de tr\u00e1nsito en Santo Domingo\" width=\"800\" height=\"450\" src=\"https:\/\/www.youtube.com\/embed\/gEzYBLg0ang?feature=oembed\" frameborder=\"0\" allow=\"accelerometer; autoplay; clipboard-write; encrypted-media; gyroscope; picture-in-picture; web-share\" allowfullscreen><\/iframe><\/p>\n<\/body>","protected":false},"excerpt":{"rendered":"<p>Los agentes civiles de tr\u00e1nsito ya cuentan nuevamente con los PDA\u2019s para sancionar a los conductores que infrinjan la Ley de Tr\u00e1nsito en Santo Domingo. Esto desde hace 5 d\u00edas en que la Empresa P\u00fablica Municipal de Transporte les devolvi\u00f3 el software.\u00a0\u00a0 Javier Murillo, jefe de\u00a0tr\u00e1nsito, explic\u00f3 que al retomar la actividades como agentes en [&hellip;]<\/p>\n","protected":false},"author":4,"featured_media":6970,"comment_status":"closed","ping_status":"closed","sticky":false,"template":"","format":"standard","meta":{"om_disable_all_campaigns":false,"_joinchat":[],"footnotes":""},"categories":[31],"tags":[],"class_list":["post-6939","post","type-post","status-publish","format-standard","has-post-thumbnail","hentry","category-la-region"],"_links":{"self":[{"href":"https:\/\/zaracaytv.com\/index.php?rest_route=\/wp\/v2\/posts\/6939","targetHints":{"allow":["GET"]}}],"collection":[{"href":"https:\/\/zaracaytv.com\/index.php?rest_route=\/wp\/v2\/posts"}],"about":[{"href":"https:\/\/zaracaytv.com\/index.php?rest_route=\/wp\/v2\/types\/post"}],"author":[{"embeddable":true,"href":"https:\/\/zaracaytv.com\/index.php?rest_route=\/wp\/v2\/users\/4"}],"replies":[{"embeddable":true,"href":"https:\/\/zaracaytv.com\/index.php?rest_route=%2Fwp%2Fv2%2Fcomments&post=6939"}],"version-history":[{"count":4,"href":"https:\/\/zaracaytv.com\/index.php?rest_route=\/wp\/v2\/posts\/6939\/revisions"}],"predecessor-version":[{"id":6971,"href":"https:\/\/zaracaytv.com\/index.php?rest_route=\/wp\/v2\/posts\/6939\/revisions\/6971"}],"wp:featuredmedia":[{"embeddable":true,"href":"https:\/\/zaracaytv.com\/index.php?rest_route=\/wp\/v2\/media\/6970"}],"wp:attachment":[{"href":"https:\/\/zaracaytv.com\/index.php?rest_route=%2Fwp%2Fv2%2Fmedia&parent=6939"}],"wp:term":[{"taxonomy":"category","embeddable":true,"href":"https:\/\/zaracaytv.com\/index.php?rest_route=%2Fwp%2Fv2%2Fcategories&post=6939"},{"taxonomy":"post_tag","embeddable":true,"href":"https:\/\/zaracaytv.com\/index.php?rest_route=%2Fwp%2Fv2%2Ftags&post=6939"}],"curies":[{"name":"wp","href":"https:\/\/api.w.org\/{rel}","templated":true}]}}