{"id":5474,"date":"2023-03-17T17:21:24","date_gmt":"2023-03-17T17:21:24","guid":{"rendered":"http:\/\/zaracaytv.com\/?p=5474"},"modified":"2023-03-17T17:21:24","modified_gmt":"2023-03-17T17:21:24","slug":"santo-domingo-de-los-tsachilas-registra-un-aumento-de-secuestros-extorsivos","status":"publish","type":"post","link":"https:\/\/zaracaytv.com\/?p=5474","title":{"rendered":"SANTO DOMINGO DE LOS TS\u00c1CHILAS REGISTRA UN AUMENTO DE SECUESTROS EXTORSIVOS"},"content":{"rendered":"<body><p><\/p><span style=\"font-weight: 400;\">Mediante un allanamiento realizado a las 6:30 de la ma\u00f1ana de este jueves en el barrio Los Almendros, ubicado en la cooperativa Uni\u00f3n C\u00edvica, se detuvo a dos personas por la venta de droga, porte de armas y explosivos. Seg\u00fan la Polic\u00eda, los individuos, identificados como\u00a0 Edwin P. y Marcelo P., pertenecen a la banda delictiva R7, y no registraban antecedentes penales<\/span>\n<p style=\"text-align: justify;\"><span style=\"font-weight: 400;\"><a href=\"https:\/\/www.zaracaytv.com\/wp-content\/uploads\/2023\/03\/POLICIA.png\"><img loading=\"lazy\" decoding=\"async\" class=\"size-medium wp-image-40953 alignleft\" src=\"https:\/\/www.zaracaytv.com\/wp-content\/uploads\/2023\/03\/POLICIA-300x163.png\" alt=\"\" width=\"300\" height=\"163\" loading=\"lazy\"><\/a>En otro de los allanamientos realizados tambi\u00e9n decomisaron 530 gramos de droga en la cooperativa Cristo Vive y otros 90 gramos m\u00e1s en la Av. Quito, justo en la entrada a la urbanizaci\u00f3n Maya Moncayo. En estos casos no hubo detenidos.\u00a0<\/span><\/p>\n<p style=\"text-align: justify;\"><span style=\"font-weight: 400;\">J\u00e1tiva tambi\u00e9n se refiri\u00f3 a los intentos y casos de secuestros que se han viralizado por redes sociales, recomend\u00f3 a los ciudadanos tomar precauciones, pues en los \u00faltimos d\u00edas se reporta un aumento de este delito.\u00a0<\/span><\/p>\n<p style=\"text-align: justify;\"><span style=\"font-weight: 400;\">Entre los resultados que ha obtenido la polic\u00eda del 6 al 12 de marzo est\u00e1n la desarticulaci\u00f3n de tres bandas delictivas, la recuperaci\u00f3n de 10 veh\u00edculos y 19 motos, y la incautaci\u00f3n de 283 gramos de droga.<\/span><\/p>\n<p>\u00a0<\/p>\n<p><iframe title=\"Santo Domingo de los Ts\u00e1chilas registra un aumento de secuestros extorsivos\" width=\"800\" height=\"450\" src=\"https:\/\/www.youtube.com\/embed\/szwvwBwWQK4?feature=oembed\" frameborder=\"0\" allow=\"accelerometer; autoplay; clipboard-write; encrypted-media; gyroscope; picture-in-picture; web-share\" allowfullscreen><\/iframe><\/p>\n<\/body>","protected":false},"excerpt":{"rendered":"<p>Mediante un allanamiento realizado a las 6:30 de la ma\u00f1ana de este jueves en el barrio Los Almendros, ubicado en la cooperativa Uni\u00f3n C\u00edvica, se detuvo a dos personas por la venta de droga, porte de armas y explosivos. Seg\u00fan la Polic\u00eda, los individuos, identificados como\u00a0 Edwin P. y Marcelo P., pertenecen a la banda [&hellip;]<\/p>\n","protected":false},"author":4,"featured_media":5475,"comment_status":"closed","ping_status":"closed","sticky":false,"template":"","format":"standard","meta":{"om_disable_all_campaigns":false,"_joinchat":[],"footnotes":""},"categories":[31],"tags":[],"class_list":["post-5474","post","type-post","status-publish","format-standard","has-post-thumbnail","hentry","category-la-region"],"_links":{"self":[{"href":"https:\/\/zaracaytv.com\/index.php?rest_route=\/wp\/v2\/posts\/5474","targetHints":{"allow":["GET"]}}],"collection":[{"href":"https:\/\/zaracaytv.com\/index.php?rest_route=\/wp\/v2\/posts"}],"about":[{"href":"https:\/\/zaracaytv.com\/index.php?rest_route=\/wp\/v2\/types\/post"}],"author":[{"embeddable":true,"href":"https:\/\/zaracaytv.com\/index.php?rest_route=\/wp\/v2\/users\/4"}],"replies":[{"embeddable":true,"href":"https:\/\/zaracaytv.com\/index.php?rest_route=%2Fwp%2Fv2%2Fcomments&post=5474"}],"version-history":[{"count":0,"href":"https:\/\/zaracaytv.com\/index.php?rest_route=\/wp\/v2\/posts\/5474\/revisions"}],"wp:featuredmedia":[{"embeddable":true,"href":"https:\/\/zaracaytv.com\/index.php?rest_route=\/wp\/v2\/media\/5475"}],"wp:attachment":[{"href":"https:\/\/zaracaytv.com\/index.php?rest_route=%2Fwp%2Fv2%2Fmedia&parent=5474"}],"wp:term":[{"taxonomy":"category","embeddable":true,"href":"https:\/\/zaracaytv.com\/index.php?rest_route=%2Fwp%2Fv2%2Fcategories&post=5474"},{"taxonomy":"post_tag","embeddable":true,"href":"https:\/\/zaracaytv.com\/index.php?rest_route=%2Fwp%2Fv2%2Ftags&post=5474"}],"curies":[{"name":"wp","href":"https:\/\/api.w.org\/{rel}","templated":true}]}}