{"id":5468,"date":"2023-03-17T15:52:36","date_gmt":"2023-03-17T15:52:36","guid":{"rendered":"http:\/\/zaracaytv.com\/?p=5468"},"modified":"2023-03-17T15:52:36","modified_gmt":"2023-03-17T15:52:36","slug":"el-pedido-de-juicio-politico-contra-el-presidente-guillermo-lasso-se-oficializo","status":"publish","type":"post","link":"https:\/\/zaracaytv.com\/?p=5468","title":{"rendered":"EL PEDIDO DE JUICIO POL\u00cdTICO CONTRA EL PRESIDENTE GUILLERMO LASSO SE OFICIALIZ\u00d3"},"content":{"rendered":"<body><p><\/p>La Asamblea Nacional dio luz verde con 58 firmas de las 46 que se necesitaban.\n<p style=\"text-align: justify;\"><span style=\"font-weight: 400;\">Se oficializ\u00f3 el pedido de juicio pol\u00edtico contra el presidente de la Rep\u00fablica Guillermo Lasso. Los legisladores entregaron 58 firmas de las 46 que necesitaban.\u00a0<\/span><\/p>\n<p style=\"text-align: justify;\"><span style=\"font-weight: 400;\">Desde la coordinaci\u00f3n de la bancada socialcristiana confirmaron el inicio del proceso bajo la segunda causal, es decir por delitos de concusi\u00f3n y cohecho, peculado o enriquecimiento il\u00edcito; mejor conocidos como delitos contra la administraci\u00f3n p\u00fablica. Sin embargo, el director provincial del PSC, Ramiro Garc\u00eda, se\u00f1al\u00f3 que la acci\u00f3n amerita un profundo an\u00e1lisis, por parte de la Corte Constitucional para resolver si se da paso o no.\u00a0<\/span><\/p>\n<p style=\"text-align: justify;\"><span style=\"font-weight: 400;\"><a href=\"https:\/\/www.zaracaytv.com\/wp-content\/uploads\/2023\/03\/VIVIANA.png\"><img loading=\"lazy\" decoding=\"async\" class=\"size-medium wp-image-40947 alignleft\" src=\"https:\/\/www.zaracaytv.com\/wp-content\/uploads\/2023\/03\/VIVIANA-300x180.png\" alt=\"\" width=\"300\" height=\"180\" loading=\"lazy\"><\/a>Ante una posible alianza entre el Partido Social Cristiano y la bancada corre\u00edsta, expuso que \u00fanicamente existen acuerdos puntuales.<\/span><\/p>\n<p style=\"text-align: justify;\"><span style=\"font-weight: 400;\">Por su parte, el presidente provincial de la Izquierda Democr\u00e1tica, Byron Enr\u00edquez, manifest\u00f3 que el juicio pol\u00edtico carece en su totalidad de causales, por lo que el movimiento se mantiene en contra de la decisi\u00f3n.\u00a0<\/span><\/p>\n<p style=\"text-align: justify;\"><span style=\"font-weight: 400;\">Adem\u00e1s, se\u00f1al\u00f3 que la iniciativa estar\u00eda motivada por resentimientos pol\u00edticos que no responden a las necesidades de la poblaci\u00f3n.\u00a0<\/span><\/p>\n<p style=\"text-align: justify;\"><span style=\"font-weight: 400;\">En m\u00e1ximo 3 d\u00edas el presidente de la Asamblea Nacional debe poner la solicitud en conocimiento del Consejo de la Administraci\u00f3n Legislativa para verificaci\u00f3n de los requisitos. Este organismo a su vez, deber\u00e1 emitir la solicitud a la Corte Constitucional para que de el dictamen previo de admisibilidad . Tiene seis d\u00edas para resolver.\u00a0<\/span><\/p>\n<p>\u00a0<\/p>\n<p><iframe title=\"El pedido de juicio pol\u00edtico contra el presidente Guillermo Lasso se oficializ\u00f3\" width=\"800\" height=\"600\" src=\"https:\/\/www.youtube.com\/embed\/4HMJ-Rx9WU0?feature=oembed\" frameborder=\"0\" allow=\"accelerometer; autoplay; clipboard-write; encrypted-media; gyroscope; picture-in-picture; web-share\" allowfullscreen><\/iframe><\/p>\n<\/body>","protected":false},"excerpt":{"rendered":"<p>La Asamblea Nacional dio luz verde con 58 firmas de las 46 que se necesitaban. Se oficializ\u00f3 el pedido de juicio pol\u00edtico contra el presidente de la Rep\u00fablica Guillermo Lasso. Los legisladores entregaron 58 firmas de las 46 que necesitaban.\u00a0 Desde la coordinaci\u00f3n de la bancada socialcristiana confirmaron el inicio del proceso bajo la segunda [&hellip;]<\/p>\n","protected":false},"author":4,"featured_media":5469,"comment_status":"closed","ping_status":"closed","sticky":false,"template":"","format":"standard","meta":{"om_disable_all_campaigns":false,"_joinchat":[],"footnotes":""},"categories":[31],"tags":[],"class_list":["post-5468","post","type-post","status-publish","format-standard","has-post-thumbnail","hentry","category-la-region"],"_links":{"self":[{"href":"https:\/\/zaracaytv.com\/index.php?rest_route=\/wp\/v2\/posts\/5468","targetHints":{"allow":["GET"]}}],"collection":[{"href":"https:\/\/zaracaytv.com\/index.php?rest_route=\/wp\/v2\/posts"}],"about":[{"href":"https:\/\/zaracaytv.com\/index.php?rest_route=\/wp\/v2\/types\/post"}],"author":[{"embeddable":true,"href":"https:\/\/zaracaytv.com\/index.php?rest_route=\/wp\/v2\/users\/4"}],"replies":[{"embeddable":true,"href":"https:\/\/zaracaytv.com\/index.php?rest_route=%2Fwp%2Fv2%2Fcomments&post=5468"}],"version-history":[{"count":0,"href":"https:\/\/zaracaytv.com\/index.php?rest_route=\/wp\/v2\/posts\/5468\/revisions"}],"wp:featuredmedia":[{"embeddable":true,"href":"https:\/\/zaracaytv.com\/index.php?rest_route=\/wp\/v2\/media\/5469"}],"wp:attachment":[{"href":"https:\/\/zaracaytv.com\/index.php?rest_route=%2Fwp%2Fv2%2Fmedia&parent=5468"}],"wp:term":[{"taxonomy":"category","embeddable":true,"href":"https:\/\/zaracaytv.com\/index.php?rest_route=%2Fwp%2Fv2%2Fcategories&post=5468"},{"taxonomy":"post_tag","embeddable":true,"href":"https:\/\/zaracaytv.com\/index.php?rest_route=%2Fwp%2Fv2%2Ftags&post=5468"}],"curies":[{"name":"wp","href":"https:\/\/api.w.org\/{rel}","templated":true}]}}