{"id":5464,"date":"2023-03-17T02:00:07","date_gmt":"2023-03-17T02:00:07","guid":{"rendered":"http:\/\/zaracaytv.com\/?p=5464"},"modified":"2023-03-17T02:00:16","modified_gmt":"2023-03-17T02:00:16","slug":"personas-en-estado-de-movilidad-e-indigentes-luchan-cada-dia-por-sobrevivir-en-las-calles","status":"publish","type":"post","link":"https:\/\/zaracaytv.com\/?p=5464","title":{"rendered":"PERSONAS EN ESTADO DE MOVILIDAD E INDIGENTES LUCHAN CADA D\u00cdA POR SOBREVIVIR EN LAS CALLES"},"content":{"rendered":"<body><p><\/p>Su situaci\u00f3n ha empeorado por las fuertes lluvias, por lo que algunos han enfermado de gravedad.\n<p style=\"text-align: justify;\">Rigoberto Ganchozo lleva 4 a\u00f1os durmiendo en las calles. Lleg\u00f3 a Santo Domingo desde Esmeraldas buscando atenci\u00f3n m\u00e9dica tras una mordedura de culebra. Pero se qued\u00f3 sin trabajo y tuvo que mendigar. En los d\u00edas fr\u00edos y con lluvia, busca refugio al filo de las casas. Por su condici\u00f3n, a veces confunde la realidad con la ficci\u00f3n. Esta es la otra cara de los sin techo en la ciudad.<\/p>\n<p style=\"text-align: justify;\">Segundo Angulo, quien sufre de asma y es adulto mayor, recorre las calles a bord<a href=\"https:\/\/www.zaracaytv.com\/wp-content\/uploads\/2023\/03\/MENDICIDAD.png\"><img loading=\"lazy\" decoding=\"async\" class=\"size-medium wp-image-40944 alignleft\" src=\"https:\/\/www.zaracaytv.com\/wp-content\/uploads\/2023\/03\/MENDICIDAD-300x163.png\" alt=\"\" width=\"300\" height=\"163\" loading=\"lazy\"><\/a>o de su silla de ruedas, pues no puede caminar. A menudo se coloca en la avenida Quito para pedir caridad y comprar un inhalador, pero en este tiempo de lluvias su enfermedad ha empeorado.<\/p>\n<p style=\"text-align: justify;\">Las personas en estado de movilidad e indigentes cuentan con varios sitios que les brindan cobijo, comida y muchas veces medicina. Maura C\u00f3rdova, representante del comedor comunitario Santa Teresa de Calcuta manifest\u00f3 que desde hace 2 a\u00f1os brindan alimentos a quienes requieren y han ayudado a m\u00e1s de 23 mil usuarios, pero esta cifra ha aumentado, atienden a un promedio de 100 por d\u00eda, entre ellas migrantes.<\/p>\n<p style=\"text-align: justify;\">Seg\u00fan resultados del Instituto Nacional de Estad\u00edstica y Censos (INEC), alrededor de 100 mil personas no tienen hogar, lo cual representa el 1,2% de la poblaci\u00f3n total del pa\u00eds, una cifra que se atribuye a la falta de empleo y al crecimiento poblacional del Ecuador.<\/p>\n<p>\u00a0<\/p>\n<p><iframe title=\"Personas en estado de movilidad e indigentes luchan cada d\u00eda por sobrevivir en las calles\" width=\"800\" height=\"450\" src=\"https:\/\/www.youtube.com\/embed\/8VPYIl69O60?feature=oembed\" frameborder=\"0\" allow=\"accelerometer; autoplay; clipboard-write; encrypted-media; gyroscope; picture-in-picture; web-share\" allowfullscreen><\/iframe><\/p>\n<\/body>","protected":false},"excerpt":{"rendered":"<p>Su situaci\u00f3n ha empeorado por las fuertes lluvias, por lo que algunos han enfermado de gravedad. Rigoberto Ganchozo lleva 4 a\u00f1os durmiendo en las calles. Lleg\u00f3 a Santo Domingo desde Esmeraldas buscando atenci\u00f3n m\u00e9dica tras una mordedura de culebra. Pero se qued\u00f3 sin trabajo y tuvo que mendigar. En los d\u00edas fr\u00edos y con lluvia, [&hellip;]<\/p>\n","protected":false},"author":4,"featured_media":5466,"comment_status":"closed","ping_status":"closed","sticky":false,"template":"","format":"standard","meta":{"om_disable_all_campaigns":false,"_joinchat":[],"footnotes":""},"categories":[31,1],"tags":[],"class_list":["post-5464","post","type-post","status-publish","format-standard","has-post-thumbnail","hentry","category-la-region","category-uncategorized"],"_links":{"self":[{"href":"https:\/\/zaracaytv.com\/index.php?rest_route=\/wp\/v2\/posts\/5464","targetHints":{"allow":["GET"]}}],"collection":[{"href":"https:\/\/zaracaytv.com\/index.php?rest_route=\/wp\/v2\/posts"}],"about":[{"href":"https:\/\/zaracaytv.com\/index.php?rest_route=\/wp\/v2\/types\/post"}],"author":[{"embeddable":true,"href":"https:\/\/zaracaytv.com\/index.php?rest_route=\/wp\/v2\/users\/4"}],"replies":[{"embeddable":true,"href":"https:\/\/zaracaytv.com\/index.php?rest_route=%2Fwp%2Fv2%2Fcomments&post=5464"}],"version-history":[{"count":0,"href":"https:\/\/zaracaytv.com\/index.php?rest_route=\/wp\/v2\/posts\/5464\/revisions"}],"wp:featuredmedia":[{"embeddable":true,"href":"https:\/\/zaracaytv.com\/index.php?rest_route=\/wp\/v2\/media\/5466"}],"wp:attachment":[{"href":"https:\/\/zaracaytv.com\/index.php?rest_route=%2Fwp%2Fv2%2Fmedia&parent=5464"}],"wp:term":[{"taxonomy":"category","embeddable":true,"href":"https:\/\/zaracaytv.com\/index.php?rest_route=%2Fwp%2Fv2%2Fcategories&post=5464"},{"taxonomy":"post_tag","embeddable":true,"href":"https:\/\/zaracaytv.com\/index.php?rest_route=%2Fwp%2Fv2%2Ftags&post=5464"}],"curies":[{"name":"wp","href":"https:\/\/api.w.org\/{rel}","templated":true}]}}