{"id":5447,"date":"2023-03-16T14:55:00","date_gmt":"2023-03-16T14:55:00","guid":{"rendered":"http:\/\/zaracaytv.com\/?p=5447"},"modified":"2023-03-16T14:55:00","modified_gmt":"2023-03-16T14:55:00","slug":"guillermo-moposita-de-30-anos-de-edad-desaparecio-desde-la-manana-del-14-de-marzo","status":"publish","type":"post","link":"https:\/\/zaracaytv.com\/?p=5447","title":{"rendered":"GUILLERMO MOPOSITA DE 30 A\u00d1OS DE EDAD, DESAPARECI\u00d3 DESDE LA MA\u00d1ANA DEL 14 DE MARZO"},"content":{"rendered":"<body><p><\/p>Lo vieron por \u00faltima vez en la Cooperativa 16 de Marzo y habr\u00eda salido tras un carro en el que comercializaban legumbres por el sitio.\n<p style=\"text-align: justify;\">Guillermo Moposita de 30 a\u00f1os de edad y quien tiene discapacidad, se encuentra desaparecido desde la ma\u00f1ana del 14 de marzo en la Cooperativa 16 de Marzo en donde habitantes lo vieron por \u00faltima vez saliendo de su domicilio tras un carro que comercializaba legumbres por el sector. Su hermano Miguel Moposita se\u00f1al\u00f3 que toda la familia ha emprendido una b\u00fasqueda incansable pero hasta el momento se desconoce su paradero.<\/p>\n<p style=\"text-align: justify;\">Teme que su hermano sea una v\u00edctima de bandas<a href=\"https:\/\/www.zaracaytv.com\/wp-content\/uploads\/2023\/03\/GUILLERMO-MOPOSSITA.png\"><img loading=\"lazy\" decoding=\"async\" class=\"size-medium wp-image-40927 alignleft\" src=\"https:\/\/www.zaracaytv.com\/wp-content\/uploads\/2023\/03\/GUILLERMO-MOPOSSITA-300x169.png\" alt=\"\" width=\"300\" height=\"169\" loading=\"lazy\"><\/a> delictivas y el caso tenga un desenlace fatal .<\/p>\n<p style=\"text-align: justify;\">Su madre ya interpuso la denuncia en la Fiscal\u00eda, sin embargo la familia se mantiene en la b\u00fasqueda y entregando volantes con su fotograf\u00eda para que puedan dar con su ubicaci\u00f3n. Quienes tengan informaci\u00f3n al respecto, pueden comunicarse al 09 5967 35 85.<\/p>\n<p><\/p>\n<\/body>","protected":false},"excerpt":{"rendered":"<p>Lo vieron por \u00faltima vez en la Cooperativa 16 de Marzo y habr\u00eda salido tras un carro en el que comercializaban legumbres por el sitio. Guillermo Moposita de 30 a\u00f1os de edad y quien tiene discapacidad, se encuentra desaparecido desde la ma\u00f1ana del 14 de marzo en la Cooperativa 16 de Marzo en donde habitantes [&hellip;]<\/p>\n","protected":false},"author":4,"featured_media":5448,"comment_status":"closed","ping_status":"closed","sticky":false,"template":"","format":"standard","meta":{"om_disable_all_campaigns":false,"_joinchat":[],"footnotes":""},"categories":[31],"tags":[],"class_list":["post-5447","post","type-post","status-publish","format-standard","has-post-thumbnail","hentry","category-la-region"],"_links":{"self":[{"href":"https:\/\/zaracaytv.com\/index.php?rest_route=\/wp\/v2\/posts\/5447","targetHints":{"allow":["GET"]}}],"collection":[{"href":"https:\/\/zaracaytv.com\/index.php?rest_route=\/wp\/v2\/posts"}],"about":[{"href":"https:\/\/zaracaytv.com\/index.php?rest_route=\/wp\/v2\/types\/post"}],"author":[{"embeddable":true,"href":"https:\/\/zaracaytv.com\/index.php?rest_route=\/wp\/v2\/users\/4"}],"replies":[{"embeddable":true,"href":"https:\/\/zaracaytv.com\/index.php?rest_route=%2Fwp%2Fv2%2Fcomments&post=5447"}],"version-history":[{"count":0,"href":"https:\/\/zaracaytv.com\/index.php?rest_route=\/wp\/v2\/posts\/5447\/revisions"}],"wp:featuredmedia":[{"embeddable":true,"href":"https:\/\/zaracaytv.com\/index.php?rest_route=\/wp\/v2\/media\/5448"}],"wp:attachment":[{"href":"https:\/\/zaracaytv.com\/index.php?rest_route=%2Fwp%2Fv2%2Fmedia&parent=5447"}],"wp:term":[{"taxonomy":"category","embeddable":true,"href":"https:\/\/zaracaytv.com\/index.php?rest_route=%2Fwp%2Fv2%2Fcategories&post=5447"},{"taxonomy":"post_tag","embeddable":true,"href":"https:\/\/zaracaytv.com\/index.php?rest_route=%2Fwp%2Fv2%2Ftags&post=5447"}],"curies":[{"name":"wp","href":"https:\/\/api.w.org\/{rel}","templated":true}]}}