{"id":5059,"date":"2023-01-23T23:07:31","date_gmt":"2023-01-23T23:07:31","guid":{"rendered":"http:\/\/zaracaytv.com\/?p=5059"},"modified":"2023-01-23T23:07:31","modified_gmt":"2023-01-23T23:07:31","slug":"analisis-de-las-preguntas-5-y-6-del-referendum-2023","status":"publish","type":"post","link":"https:\/\/zaracaytv.com\/?p=5059","title":{"rendered":"AN\u00c1LISIS DE LAS PREGUNTAS 5 Y 6 DEL REFER\u00c9NDUM 2023"},"content":{"rendered":"<body><p><\/p>Est\u00e1n enfocadas al Consejo de Participaci\u00f3n Ciudadana y Control Social, ambas cuestionan a la ciudadan\u00eda si est\u00e1 de acuerdo o no con eliminar la facultad de designar autoridades.\n<p style=\"text-align: justify;\"><span style=\"font-weight: 400;\">Las preguntas 5 y 6 que plantea la Consulta Popular est\u00e1n direccionadas a modificar la facultad de designar a las autoridades que tiene el Consejo de Participaci\u00f3n Ciudadana y Control Social, pero para esto se deber\u00e1n enmendar los anexos 5 y 6 de la Constituci\u00f3n. Para el excoordinador provincial del organismo, Luis Felipe Buena\u00f1o, la medida permitir\u00eda que existan m\u00e1s filtros para la designaci\u00f3n de las 77 autoridades que en la actualidad son definidas por esta entidad p\u00fablica.\u00a0<\/span><\/p>\n<p style=\"text-align: justify;\"><span style=\"font-weight: 400;\"><a href=\"https:\/\/www.zaracaytv.com\/wp-content\/uploads\/2023\/01\/CPCCS.jpg\"><img loading=\"lazy\" decoding=\"async\" class=\"size-medium wp-image-40323 alignleft\" src=\"https:\/\/www.zaracaytv.com\/wp-content\/uploads\/2023\/01\/CPCCS-300x197.jpg\" alt=\"\" width=\"300\" height=\"197\" loading=\"lazy\"><\/a>En cuanto a la sexta interrogante en la que la ciudadan\u00eda puede escoger si se modifica o no el proceso de designaci\u00f3n de los miembros del Consejo, recalc\u00f3 que la metodolog\u00eda deber\u00eda mantenerse, aunque los requisitos para los aspirantes s\u00ed necesitan ser mejor definidos.<\/span><\/p>\n<p style=\"text-align: justify;\"><span style=\"font-weight: 400;\">Por su parte, el vicepresidente de la asamblea local ciudadana, Roberto Sol\u00f3rzano, indic\u00f3 que quitarle la potestad al Consejo de Participaci\u00f3n Ciudadana y Control Social ser\u00eda intervenir en contra de la institucionalidad, por lo que se mostr\u00f3 inconforme en cuanto a la quinta interrogante.\u00a0<\/span><\/p>\n<p style=\"text-align: justify;\"><span style=\"font-weight: 400;\">No obstante, coincide con la apreciaci\u00f3n de que se debe mantener el proceso de designaci\u00f3n de los miembros del organismo siempre y cuando los perfiles conozcan ampliamente sobre la labor que maneja la entidad p\u00fablica.\u00a0<\/span><\/p>\n<p style=\"text-align: justify;\"><span style=\"font-weight: 400;\">Este 5 de febrero de 2023, la ciudadan\u00eda ser\u00e1 la encargada de apoyar o no la Consulta Popular, de all\u00ed la importancia de conocer cada una de las interrogantes planteadas y ejercer su derecho al voto de una manera responsable.<\/span><\/p>\n<p><iframe title=\"Preguntas de la Consulta Popular que pretenden reformar el CPCCS | Noticias | Zaracay TV\" width=\"800\" height=\"450\" src=\"https:\/\/www.youtube.com\/embed\/_XCFvX7OQ84?feature=oembed\" frameborder=\"0\" allow=\"accelerometer; autoplay; clipboard-write; encrypted-media; gyroscope; picture-in-picture; web-share\" allowfullscreen><\/iframe><\/p>\n<\/body>","protected":false},"excerpt":{"rendered":"<p>Est\u00e1n enfocadas al Consejo de Participaci\u00f3n Ciudadana y Control Social, ambas cuestionan a la ciudadan\u00eda si est\u00e1 de acuerdo o no con eliminar la facultad de designar autoridades. Las preguntas 5 y 6 que plantea la Consulta Popular est\u00e1n direccionadas a modificar la facultad de designar a las autoridades que tiene el Consejo de Participaci\u00f3n [&hellip;]<\/p>\n","protected":false},"author":4,"featured_media":5060,"comment_status":"open","ping_status":"open","sticky":false,"template":"","format":"standard","meta":{"om_disable_all_campaigns":false,"_joinchat":[],"footnotes":""},"categories":[31],"tags":[],"class_list":["post-5059","post","type-post","status-publish","format-standard","has-post-thumbnail","hentry","category-la-region"],"_links":{"self":[{"href":"https:\/\/zaracaytv.com\/index.php?rest_route=\/wp\/v2\/posts\/5059","targetHints":{"allow":["GET"]}}],"collection":[{"href":"https:\/\/zaracaytv.com\/index.php?rest_route=\/wp\/v2\/posts"}],"about":[{"href":"https:\/\/zaracaytv.com\/index.php?rest_route=\/wp\/v2\/types\/post"}],"author":[{"embeddable":true,"href":"https:\/\/zaracaytv.com\/index.php?rest_route=\/wp\/v2\/users\/4"}],"replies":[{"embeddable":true,"href":"https:\/\/zaracaytv.com\/index.php?rest_route=%2Fwp%2Fv2%2Fcomments&post=5059"}],"version-history":[{"count":0,"href":"https:\/\/zaracaytv.com\/index.php?rest_route=\/wp\/v2\/posts\/5059\/revisions"}],"wp:featuredmedia":[{"embeddable":true,"href":"https:\/\/zaracaytv.com\/index.php?rest_route=\/wp\/v2\/media\/5060"}],"wp:attachment":[{"href":"https:\/\/zaracaytv.com\/index.php?rest_route=%2Fwp%2Fv2%2Fmedia&parent=5059"}],"wp:term":[{"taxonomy":"category","embeddable":true,"href":"https:\/\/zaracaytv.com\/index.php?rest_route=%2Fwp%2Fv2%2Fcategories&post=5059"},{"taxonomy":"post_tag","embeddable":true,"href":"https:\/\/zaracaytv.com\/index.php?rest_route=%2Fwp%2Fv2%2Ftags&post=5059"}],"curies":[{"name":"wp","href":"https:\/\/api.w.org\/{rel}","templated":true}]}}