{"id":4949,"date":"2023-01-12T13:50:22","date_gmt":"2023-01-12T13:50:22","guid":{"rendered":"http:\/\/zaracaytv.com\/?p=4949"},"modified":"2023-01-12T14:00:16","modified_gmt":"2023-01-12T14:00:16","slug":"campana-politica-causo-criticas-por-involucrar-a-estudiantes","status":"publish","type":"post","link":"https:\/\/zaracaytv.com\/?p=4949","title":{"rendered":"CAMPA\u00d1A POL\u00cdTICA CAUS\u00d3 CR\u00cdTICAS POR INVOLUCRAR A ESTUDIANTES"},"content":{"rendered":"<body><p><\/p>Un video promocional por campa\u00f1a pol\u00edtica en el que participan adolescentes vistiendo el uniforme de sus establecimientos educativos ha causado malestar.\n<p style=\"text-align: justify;\"><span style=\"font-weight: 400;\">Tras difundirse un video en redes sociales como producto promocional por campa\u00f1a pol\u00edtica, en el que participan adolescentes que adem\u00e1s visten el uniforme de los planteles educativos en donde estudian; varias apreciaciones han surgido al respecto. Para la presidenta provincial de la Uni\u00f3n Nacional de Educadores, Gloria Toapanta, estas acciones violentan los derechos de los menores y atentan contra su seguridad e integridad.\u00a0<\/span><\/p>\n<p style=\"text-align: justify;\"><span style=\"font-weight: 400;\"><img loading=\"lazy\" decoding=\"async\" class=\"size-medium wp-image-4952 alignleft\" src=\"http:\/\/zaracaytv.com\/wp-content\/uploads\/2023\/01\/EU-1-300x149.jpg\" alt=\"\" width=\"300\" height=\"149\" loading=\"lazy\" srcset=\"https:\/\/zaracaytv.com\/wp-content\/uploads\/2023\/01\/EU-1-300x149.jpg 300w, https:\/\/zaracaytv.com\/wp-content\/uploads\/2023\/01\/EU-1-1024x508.jpg 1024w, https:\/\/zaracaytv.com\/wp-content\/uploads\/2023\/01\/EU-1-768x381.jpg 768w, https:\/\/zaracaytv.com\/wp-content\/uploads\/2023\/01\/EU-1-570x283.jpg 570w, https:\/\/zaracaytv.com\/wp-content\/uploads\/2023\/01\/EU-1-270x134.jpg 270w, https:\/\/zaracaytv.com\/wp-content\/uploads\/2023\/01\/EU-1.jpg 1214w\" sizes=\"auto, (max-width: 300px) 100vw, 300px\" \/>Sostiene adem\u00e1s, que al no existir un pronunciamiento por las autoridades de los establecimientos deja en tela de duda la aprobaci\u00f3n para que se desarrolle esta acci\u00f3n que seg\u00fan indic\u00f3, est\u00e1 prohibida.\u00a0<\/span><\/p>\n<p style=\"text-align: justify;\"><span style=\"font-weight: 400;\">Por su parte, el asesor pol\u00edtico Fabi\u00e1n Sotomayor, mencion\u00f3 que ante esta situaci\u00f3n, las entidades encargadas de la promoci\u00f3n y protecci\u00f3n de los derechos de ni\u00f1os, ni\u00f1as y adolescentes son las que deber\u00edan empoderarse de la causa y actuar bajo el marco legal que ampara la no realizaci\u00f3n de actividades como estas.\u00a0<\/span><\/p>\n<p style=\"text-align: justify;\"><span style=\"font-weight: 400;\">A su vez, expuso que aunque quienes participen en productos como el viralizado, no sean menores de edad, se muestra la imagen corporativa de una instituci\u00f3n educativa por lo que existir\u00eda una responsabilidad conexa y se podr\u00edan iniciar denuncias al respecto.<\/span><\/p>\n<p style=\"text-align: justify;\"><span style=\"font-weight: 400;\">Aunque el Consejo Nacional Electoral no tiene la competencia de controlar este tipo de productos en redes sociales, debe emitir diariamente los informes necesarios sobre la fiscalizaci\u00f3n de la promoci\u00f3n electoral y en caso de presentarse denuncias sobre estos casos, presentar las evidencias a las instancias pertinentes para el respectivo proceso.\u00a0<\/span><\/p>\n<p><iframe title=\"Video de campa\u00f1a pol\u00edtica caus\u00f3 malestar en Santo Domingo | Noticias | Zaracay TV\" width=\"800\" height=\"450\" src=\"https:\/\/www.youtube.com\/embed\/F1s59tuammc?feature=oembed\" frameborder=\"0\" allow=\"accelerometer; autoplay; clipboard-write; encrypted-media; gyroscope; picture-in-picture; web-share\" allowfullscreen><\/iframe><\/p>\n<\/body>","protected":false},"excerpt":{"rendered":"<p>Un video promocional por campa\u00f1a pol\u00edtica en el que participan adolescentes vistiendo el uniforme de sus establecimientos educativos ha causado malestar. Tras difundirse un video en redes sociales como producto promocional por campa\u00f1a pol\u00edtica, en el que participan adolescentes que adem\u00e1s visten el uniforme de los planteles educativos en donde estudian; varias apreciaciones han surgido [&hellip;]<\/p>\n","protected":false},"author":4,"featured_media":4951,"comment_status":"open","ping_status":"open","sticky":false,"template":"","format":"standard","meta":{"om_disable_all_campaigns":false,"_joinchat":[],"footnotes":""},"categories":[31],"tags":[],"class_list":["post-4949","post","type-post","status-publish","format-standard","has-post-thumbnail","hentry","category-la-region"],"_links":{"self":[{"href":"https:\/\/zaracaytv.com\/index.php?rest_route=\/wp\/v2\/posts\/4949","targetHints":{"allow":["GET"]}}],"collection":[{"href":"https:\/\/zaracaytv.com\/index.php?rest_route=\/wp\/v2\/posts"}],"about":[{"href":"https:\/\/zaracaytv.com\/index.php?rest_route=\/wp\/v2\/types\/post"}],"author":[{"embeddable":true,"href":"https:\/\/zaracaytv.com\/index.php?rest_route=\/wp\/v2\/users\/4"}],"replies":[{"embeddable":true,"href":"https:\/\/zaracaytv.com\/index.php?rest_route=%2Fwp%2Fv2%2Fcomments&post=4949"}],"version-history":[{"count":0,"href":"https:\/\/zaracaytv.com\/index.php?rest_route=\/wp\/v2\/posts\/4949\/revisions"}],"wp:featuredmedia":[{"embeddable":true,"href":"https:\/\/zaracaytv.com\/index.php?rest_route=\/wp\/v2\/media\/4951"}],"wp:attachment":[{"href":"https:\/\/zaracaytv.com\/index.php?rest_route=%2Fwp%2Fv2%2Fmedia&parent=4949"}],"wp:term":[{"taxonomy":"category","embeddable":true,"href":"https:\/\/zaracaytv.com\/index.php?rest_route=%2Fwp%2Fv2%2Fcategories&post=4949"},{"taxonomy":"post_tag","embeddable":true,"href":"https:\/\/zaracaytv.com\/index.php?rest_route=%2Fwp%2Fv2%2Ftags&post=4949"}],"curies":[{"name":"wp","href":"https:\/\/api.w.org\/{rel}","templated":true}]}}