{"id":4830,"date":"2023-01-04T21:56:17","date_gmt":"2023-01-04T21:56:17","guid":{"rendered":"http:\/\/zaracaytv.com\/?p=4830"},"modified":"2023-01-04T21:56:17","modified_gmt":"2023-01-04T21:56:17","slug":"cooperativa-de-transporte-involucrada-en-accidente-asumira-gastos","status":"publish","type":"post","link":"https:\/\/zaracaytv.com\/?p=4830","title":{"rendered":"COOPERATIVA DE TRANSPORTE INVOLUCRADA EN ACCIDENTE ASUMIR\u00c1 GASTOS"},"content":{"rendered":"<body><p><\/p><span style=\"font-weight: 400;\">El accidente dej\u00f3 un saldo de 6 personas fallecidas y varios heridos; la agencia se har\u00e1 responsable de los gastos para las familias afectadas.<\/span>\n<p style=\"text-align: justify;\"><span style=\"font-weight: 400;\">5 de las 6 familias que perdieron a sus allegados tras el accidente de tr\u00e1nsito ocurrido en el cant\u00f3n El Carmen, en Manab\u00ed, en la conocida curva de la muerte en el kil\u00f3metro 57 de la v\u00eda Chone, est\u00e1n en tr\u00e1mites para que la cooperativa Santo Domingo se haga responsable de cubrir los gastos. Este es el caso de Marco Mu\u00f1oz, quien es familiar de dos personas que resultaron heridas durante el siniestro.<\/span><\/p>\n<p><img loading=\"lazy\" decoding=\"async\" class=\"size-medium wp-image-4831 alignleft\" style=\"text-align: justify;\" src=\"http:\/\/zaracaytv.com\/wp-content\/uploads\/2023\/01\/ACCIDENTE-300x177.jpg\" alt=\"\" width=\"300\" height=\"177\" loading=\"lazy\" srcset=\"https:\/\/zaracaytv.com\/wp-content\/uploads\/2023\/01\/ACCIDENTE-300x177.jpg 300w, https:\/\/zaracaytv.com\/wp-content\/uploads\/2023\/01\/ACCIDENTE-768x454.jpg 768w, https:\/\/zaracaytv.com\/wp-content\/uploads\/2023\/01\/ACCIDENTE-558x330.jpg 558w, https:\/\/zaracaytv.com\/wp-content\/uploads\/2023\/01\/ACCIDENTE-270x160.jpg 270w, https:\/\/zaracaytv.com\/wp-content\/uploads\/2023\/01\/ACCIDENTE.jpg 982w\" sizes=\"auto, (max-width: 300px) 100vw, 300px\" \/><\/p>\n<p style=\"text-align: justify;\"><span style=\"font-weight: 400;\">Duval Porras, presidente de la cooperativa Santo Domingo, empresa a la cual pertenec\u00eda la unidad accidentada, manifest\u00f3 que est\u00e1n dando apertura a los familiares para poder contribuir con los gastos necesarios a trav\u00e9s del seguro externo e interno.<\/span><\/p>\n<p style=\"text-align: justify;\"><span style=\"font-weight: 400;\">Mediante un comunicado, la Agencia Nacional de Tr\u00e1nsito indic\u00f3 que realizar\u00e1 las respectivas indagaciones sobre el siniestro, pero Porras manifest\u00f3 que hasta el momento no han recibido ninguna intervenci\u00f3n por parte de la empresa p\u00fablica.<\/span><\/p>\n<p style=\"text-align: justify;\"><span style=\"font-weight: 400;\">De parte de la cooperativa expresaron sus condolencias a los familiares de los fallecidos\u00a0 y puntualizaron que brindar\u00e1n la ayuda necesaria a los afectados, aquellos que a\u00fan no se han puesto en contacto con la empresa, pueden acercarse hasta las instalaciones ubicada cooperativa Caminos Vecinales en la calle paralela a la Terminal Terrestre de Santo Domingo.<\/span><\/p>\n<p><\/p>\n<\/body>","protected":false},"excerpt":{"rendered":"<p>El accidente dej\u00f3 un saldo de 6 personas fallecidas y varios heridos; la agencia se har\u00e1 responsable de los gastos para las familias afectadas. 5 de las 6 familias que perdieron a sus allegados tras el accidente de tr\u00e1nsito ocurrido en el cant\u00f3n El Carmen, en Manab\u00ed, en la conocida curva de la muerte en [&hellip;]<\/p>\n","protected":false},"author":4,"featured_media":4832,"comment_status":"open","ping_status":"open","sticky":false,"template":"","format":"standard","meta":{"om_disable_all_campaigns":false,"_joinchat":[],"footnotes":""},"categories":[31],"tags":[],"class_list":["post-4830","post","type-post","status-publish","format-standard","has-post-thumbnail","hentry","category-la-region"],"_links":{"self":[{"href":"https:\/\/zaracaytv.com\/index.php?rest_route=\/wp\/v2\/posts\/4830","targetHints":{"allow":["GET"]}}],"collection":[{"href":"https:\/\/zaracaytv.com\/index.php?rest_route=\/wp\/v2\/posts"}],"about":[{"href":"https:\/\/zaracaytv.com\/index.php?rest_route=\/wp\/v2\/types\/post"}],"author":[{"embeddable":true,"href":"https:\/\/zaracaytv.com\/index.php?rest_route=\/wp\/v2\/users\/4"}],"replies":[{"embeddable":true,"href":"https:\/\/zaracaytv.com\/index.php?rest_route=%2Fwp%2Fv2%2Fcomments&post=4830"}],"version-history":[{"count":0,"href":"https:\/\/zaracaytv.com\/index.php?rest_route=\/wp\/v2\/posts\/4830\/revisions"}],"wp:featuredmedia":[{"embeddable":true,"href":"https:\/\/zaracaytv.com\/index.php?rest_route=\/wp\/v2\/media\/4832"}],"wp:attachment":[{"href":"https:\/\/zaracaytv.com\/index.php?rest_route=%2Fwp%2Fv2%2Fmedia&parent=4830"}],"wp:term":[{"taxonomy":"category","embeddable":true,"href":"https:\/\/zaracaytv.com\/index.php?rest_route=%2Fwp%2Fv2%2Fcategories&post=4830"},{"taxonomy":"post_tag","embeddable":true,"href":"https:\/\/zaracaytv.com\/index.php?rest_route=%2Fwp%2Fv2%2Ftags&post=4830"}],"curies":[{"name":"wp","href":"https:\/\/api.w.org\/{rel}","templated":true}]}}