{"id":4827,"date":"2023-01-04T21:32:52","date_gmt":"2023-01-04T21:32:52","guid":{"rendered":"http:\/\/zaracaytv.com\/?p=4827"},"modified":"2023-01-04T21:32:59","modified_gmt":"2023-01-04T21:32:59","slug":"nuevo-plazo-para-la-cancelacion-de-deudas","status":"publish","type":"post","link":"https:\/\/zaracaytv.com\/?p=4827","title":{"rendered":"NUEVO PLAZO PARA LA CANCELACI\u00d3N DE DEUDAS"},"content":{"rendered":"<body><p><span style=\"font-weight: 400;\">A partir de este 2023, se acorta a 30 d\u00edas el plazo m\u00e1ximo para pagar las deudas pendientes y no caer en mora.<\/span><\/p>\n<p style=\"text-align: justify;\"><span style=\"font-weight: 400;\">Quienes mantengan deudas en la banca p\u00fablica y privada, as\u00ed como en cooperativas, ya no tendr\u00e1n 60 d\u00edas antes de que su cartera vencida sea castigada y aquello perjudique al bur\u00f3 de cr\u00e9dito. Seg\u00fan expuso el abogado Stalin Naranjo, esta resoluci\u00f3n establecida por la Junta de Pol\u00edtica y Regulaci\u00f3n Financiera, retomar\u00eda el proceso que se desarrollaba antes de la pandemia.\u00a0<\/span><\/p>\n<p style=\"text-align: justify;\"><span style=\"font-weight: 400;\">Sin embargo, enfatiz\u00f3 que para ciertos sectores comerciales y productivos, existir\u00e1n mayores complicaciones para acatar la nueva disposici\u00f3n, pues no solo mantienen ciertos estragos por la pandemia sino tambi\u00e9n a causa de la inseguridad.\u00a0<\/span><\/p>\n<p style=\"text-align: justify;\"><span style=\"font-weight: 400;\">Respecto al tema, el economista Milton Maruri, se\u00f1al\u00f3 que la resoluci\u00f3n afectar\u00eda en mayor porcentaje a quienes tienen peque\u00f1os y medianos emprendimientos. No obstante, mencion\u00f3 algunas de las alternativas por las que podr\u00edan optar para cancelar y no pasar as\u00ed a cartera vencida.\u00a0<\/span><\/p>\n<p style=\"text-align: justify;\"><span style=\"font-weight: 400;\">A su vez, indic\u00f3 que es necesario llevar un balance permanente de las cuentas, pues \u00fanicamente la organizaci\u00f3n en la actividad de los negocios puede evitar contratiempos al momento de ejecutar los pagos concernientes a cr\u00e9ditos, lo que permite adem\u00e1s, contar con un buen perfil crediticio.\u00a0<\/span><\/p>\n<p style=\"text-align: justify;\"><span style=\"font-weight: 400;\">Desde el primer d\u00eda del 2023, las cuotas de los cr\u00e9ditos que no hayan sido canceladas dentro de su fecha m\u00e1xima de pago ser\u00e1n trasladadas a cartera vencida a partir del d\u00eda 31, a excepci\u00f3n de los cr\u00e9ditos de vivienda que continuar\u00e1n con las condiciones de traslado de cartera.\u00a0<\/span><\/p>\n<\/body>","protected":false},"excerpt":{"rendered":"<p>A partir de este 2023, se acorta a 30 d\u00edas el plazo m\u00e1ximo para pagar las deudas pendientes y no caer en mora. Quienes mantengan deudas en la banca p\u00fablica y privada, as\u00ed como en cooperativas, ya no tendr\u00e1n 60 d\u00edas antes de que su cartera vencida sea castigada y aquello perjudique al bur\u00f3 de [&hellip;]<\/p>\n","protected":false},"author":4,"featured_media":0,"comment_status":"open","ping_status":"open","sticky":false,"template":"","format":"standard","meta":{"om_disable_all_campaigns":false,"_joinchat":[],"footnotes":""},"categories":[31],"tags":[],"class_list":["post-4827","post","type-post","status-publish","format-standard","hentry","category-la-region"],"_links":{"self":[{"href":"https:\/\/zaracaytv.com\/index.php?rest_route=\/wp\/v2\/posts\/4827","targetHints":{"allow":["GET"]}}],"collection":[{"href":"https:\/\/zaracaytv.com\/index.php?rest_route=\/wp\/v2\/posts"}],"about":[{"href":"https:\/\/zaracaytv.com\/index.php?rest_route=\/wp\/v2\/types\/post"}],"author":[{"embeddable":true,"href":"https:\/\/zaracaytv.com\/index.php?rest_route=\/wp\/v2\/users\/4"}],"replies":[{"embeddable":true,"href":"https:\/\/zaracaytv.com\/index.php?rest_route=%2Fwp%2Fv2%2Fcomments&post=4827"}],"version-history":[{"count":0,"href":"https:\/\/zaracaytv.com\/index.php?rest_route=\/wp\/v2\/posts\/4827\/revisions"}],"wp:attachment":[{"href":"https:\/\/zaracaytv.com\/index.php?rest_route=%2Fwp%2Fv2%2Fmedia&parent=4827"}],"wp:term":[{"taxonomy":"category","embeddable":true,"href":"https:\/\/zaracaytv.com\/index.php?rest_route=%2Fwp%2Fv2%2Fcategories&post=4827"},{"taxonomy":"post_tag","embeddable":true,"href":"https:\/\/zaracaytv.com\/index.php?rest_route=%2Fwp%2Fv2%2Ftags&post=4827"}],"curies":[{"name":"wp","href":"https:\/\/api.w.org\/{rel}","templated":true}]}}