{"id":4820,"date":"2023-01-04T16:02:47","date_gmt":"2023-01-04T16:02:47","guid":{"rendered":"http:\/\/zaracaytv.com\/?p=4820"},"modified":"2023-01-04T16:02:47","modified_gmt":"2023-01-04T16:02:47","slug":"este-03-de-enero-inicio-formalmente-la-campana-electoral-a-nivel-nacional","status":"publish","type":"post","link":"https:\/\/zaracaytv.com\/?p=4820","title":{"rendered":"ESTE 03 DE ENERO INICI\u00d3 FORMALMENTE LA CAMPA\u00d1A ELECTORAL A NIVEL NACIONAL"},"content":{"rendered":"<body><p><\/p><span style=\"font-weight: 400;\">Hasta el 2 de febrero quienes se postulan a las diferentes dignidades podr\u00e1n dar a conocer a la ciudadan\u00eda sus propuestas.<\/span>\n<p style=\"text-align: justify;\"><span style=\"font-weight: 400;\">A partir del 3 de enero hasta el 2 de febrero de 2023 inicia la campa\u00f1a electoral en el pa\u00eds, con la cual los candidatos podr\u00e1n dar a conocer sus propuestas a la ciudadan\u00eda de acuerdo a lo permitido por la norma, seg\u00fan lo expuso el presidente de la junta provincial electoral, Yovany Quiroz, quien adem\u00e1s se refiri\u00f3 que para su efecto se ha entregado a las organizaciones pol\u00edticas el listado de productos promocionales autorizados por la entidad dentro del proceso, quienes incumplan lo establecido pueden incurrir en sanciones econ\u00f3micas<img loading=\"lazy\" decoding=\"async\" class=\"size-medium wp-image-4821 alignleft\" src=\"http:\/\/zaracaytv.com\/wp-content\/uploads\/2023\/01\/CNE-300x175.jpg\" alt=\"\" width=\"300\" height=\"175\" loading=\"lazy\" srcset=\"https:\/\/zaracaytv.com\/wp-content\/uploads\/2023\/01\/CNE-300x175.jpg 300w, https:\/\/zaracaytv.com\/wp-content\/uploads\/2023\/01\/CNE-1024x596.jpg 1024w, https:\/\/zaracaytv.com\/wp-content\/uploads\/2023\/01\/CNE-768x447.jpg 768w, https:\/\/zaracaytv.com\/wp-content\/uploads\/2023\/01\/CNE-567x330.jpg 567w, https:\/\/zaracaytv.com\/wp-content\/uploads\/2023\/01\/CNE-270x157.jpg 270w, https:\/\/zaracaytv.com\/wp-content\/uploads\/2023\/01\/CNE.jpg 1056w\" sizes=\"auto, (max-width: 300px) 100vw, 300px\" \/> que van desde los 21 a 70 salarios b\u00e1sicos unificados.\u00a0<\/span><\/p>\n<p style=\"text-align: justify;\"><span style=\"font-weight: 400;\">A su vez, desde la Junta se dio a conocer que ya fue calificada la lista 16, que manten\u00eda pendiente una causa con la entidad. Tal como lo estipula la ley, las dem\u00e1s organizaciones pol\u00edticas tienen dos d\u00edas para impugnar la resoluci\u00f3n y que sea el Consejo Nacional Electoral quien determine en firme el proceso.\u00a0<\/span><\/p>\n<p style=\"text-align: justify;\"><span style=\"font-weight: 400;\">Por su parte el asesor jur\u00eddico de la lista 2, Marcelo Rivera, se\u00f1al\u00f3 que impugnar\u00e1n la mencionada resoluci\u00f3n pues seg\u00fan expone carece de justificaci\u00f3n y violar\u00eda el derecho al trato equitativo y justo hacia las dem\u00e1s organizaciones pol\u00edticas.<\/span><\/p>\n<p style=\"text-align: justify;\"><span style=\"font-weight: 400;\">Entretanto, desde la Delegaci\u00f3n Provincial Electoral informaron que este 8 de enero se desarrollar\u00e1 el primer debate con los aspirantes a la Prefectura y el 15 de enero con quienes se postulan a la alcald\u00eda de Santo Domingo.<\/span><\/p>\n<p><\/p>\n<\/body>","protected":false},"excerpt":{"rendered":"<p>Hasta el 2 de febrero quienes se postulan a las diferentes dignidades podr\u00e1n dar a conocer a la ciudadan\u00eda sus propuestas. A partir del 3 de enero hasta el 2 de febrero de 2023 inicia la campa\u00f1a electoral en el pa\u00eds, con la cual los candidatos podr\u00e1n dar a conocer sus propuestas a la ciudadan\u00eda [&hellip;]<\/p>\n","protected":false},"author":4,"featured_media":4822,"comment_status":"open","ping_status":"open","sticky":false,"template":"","format":"standard","meta":{"om_disable_all_campaigns":false,"_joinchat":[],"footnotes":""},"categories":[31],"tags":[],"class_list":["post-4820","post","type-post","status-publish","format-standard","has-post-thumbnail","hentry","category-la-region"],"_links":{"self":[{"href":"https:\/\/zaracaytv.com\/index.php?rest_route=\/wp\/v2\/posts\/4820","targetHints":{"allow":["GET"]}}],"collection":[{"href":"https:\/\/zaracaytv.com\/index.php?rest_route=\/wp\/v2\/posts"}],"about":[{"href":"https:\/\/zaracaytv.com\/index.php?rest_route=\/wp\/v2\/types\/post"}],"author":[{"embeddable":true,"href":"https:\/\/zaracaytv.com\/index.php?rest_route=\/wp\/v2\/users\/4"}],"replies":[{"embeddable":true,"href":"https:\/\/zaracaytv.com\/index.php?rest_route=%2Fwp%2Fv2%2Fcomments&post=4820"}],"version-history":[{"count":0,"href":"https:\/\/zaracaytv.com\/index.php?rest_route=\/wp\/v2\/posts\/4820\/revisions"}],"wp:featuredmedia":[{"embeddable":true,"href":"https:\/\/zaracaytv.com\/index.php?rest_route=\/wp\/v2\/media\/4822"}],"wp:attachment":[{"href":"https:\/\/zaracaytv.com\/index.php?rest_route=%2Fwp%2Fv2%2Fmedia&parent=4820"}],"wp:term":[{"taxonomy":"category","embeddable":true,"href":"https:\/\/zaracaytv.com\/index.php?rest_route=%2Fwp%2Fv2%2Fcategories&post=4820"},{"taxonomy":"post_tag","embeddable":true,"href":"https:\/\/zaracaytv.com\/index.php?rest_route=%2Fwp%2Fv2%2Ftags&post=4820"}],"curies":[{"name":"wp","href":"https:\/\/api.w.org\/{rel}","templated":true}]}}