{"id":4709,"date":"2022-12-22T23:47:30","date_gmt":"2022-12-22T23:47:30","guid":{"rendered":"http:\/\/zaracaytv.com\/?p=4709"},"modified":"2022-12-22T23:47:30","modified_gmt":"2022-12-22T23:47:30","slug":"durante-estas-festividades-aumenta-el-robo-de-vehiculos-y-secuestros","status":"publish","type":"post","link":"https:\/\/zaracaytv.com\/?p=4709","title":{"rendered":"DURANTE ESTAS FESTIVIDADES AUMENTA EL ROBO DE VEH\u00cdCULOS Y   SECUESTROS"},"content":{"rendered":"<body><p><span style=\"font-weight: 400;\">Los delincuentes aprovechan tambi\u00e9n para vaciar las cuentas bancarias de sus v\u00edctimas.<\/span><\/p>\n<p style=\"text-align: justify;\"><span style=\"font-weight: 400;\">Uno de los mecanismos que los delincuentes utilizan para robar a sus v\u00edctimas es la siguiente: interceptan los veh\u00edculos y con armas de fuego los amedrentan hasta lograr que paren la marcha y se bajen, posteriormente los secuestran, los llevan hasta un lugar desolado y los extorsionan. Este fue el caso de quien llamaremos Andrea, quien fue secuestrada junto a un amigo un 3 de julio cuando se dirig\u00eda hasta su vivienda.<\/span><\/p>\n<p style=\"text-align: justify;\"><span style=\"font-weight: 400;\">Los delincuentes usan los veh\u00edculos robados para cometer otros actos delictivos, se\u00f1al\u00f3 la v\u00edctima.<\/span><\/p>\n<p style=\"text-align: justify;\"><span style=\"font-weight: 400;\">De enero hasta el \u00faltimo corte en noviembre del presente a\u00f1o se han recuperado en Santo Domingo de los Ts\u00e1chilas 403 veh\u00edculos reportados robados, a estos se suman 195 motos. Joffre Garc\u00eda, jefe de la subzona de Polic\u00eda, se\u00f1al\u00f3 que durante el estado de excepci\u00f3n hubo un alto \u00edndice de productividad para combatir los robos a autos.<\/span><\/p>\n<p style=\"text-align: justify;\"><span style=\"font-weight: 400;\">Solo en el estado de excepci\u00f3n que dur\u00f3 43 d\u00edas se recuperaron 60 veh\u00edculos reportados como robados, incluyendo 45 motos. La Polic\u00eda recomienda a los due\u00f1os de los automotores no dejarlos fuera de casa e instalarles rastreadores para dar con su ubicaci\u00f3n, en el caso de alg\u00fan robo, sobre todo en estas festividades, donde los \u00edndices delictivos aumentan m\u00e1s.\u00a0<\/span><\/p>\n<p style=\"text-align: justify;\"><span style=\"font-weight: 400;\">De enero hasta el \u00faltimo corte en noviembre del presente a\u00f1o se han recuperado en Santo Domingo de los Ts\u00e1chilas 403 veh\u00edculos reportados robados, a estos se suman 195 motos. Joffre Garc\u00eda, jefe de la subzona de Polic\u00eda, se\u00f1al\u00f3 que durante el estado de excepci\u00f3n hubo un alto \u00edndice de productividad para combatir los robos a autos.<\/span><\/p>\n<p><iframe title=\"Aumenta el robo de veh\u00edculos y secuestros | Noticias | Zaracay TV\" width=\"800\" height=\"450\" src=\"https:\/\/www.youtube.com\/embed\/R_oFW_c1quk?feature=oembed\" frameborder=\"0\" allow=\"accelerometer; autoplay; clipboard-write; encrypted-media; gyroscope; picture-in-picture\" allowfullscreen><\/iframe><\/p>\n<\/body>","protected":false},"excerpt":{"rendered":"<p>Los delincuentes aprovechan tambi\u00e9n para vaciar las cuentas bancarias de sus v\u00edctimas. Uno de los mecanismos que los delincuentes utilizan para robar a sus v\u00edctimas es la siguiente: interceptan los veh\u00edculos y con armas de fuego los amedrentan hasta lograr que paren la marcha y se bajen, posteriormente los secuestran, los llevan hasta un lugar [&hellip;]<\/p>\n","protected":false},"author":4,"featured_media":4710,"comment_status":"open","ping_status":"open","sticky":false,"template":"","format":"standard","meta":{"om_disable_all_campaigns":false,"_joinchat":[],"footnotes":""},"categories":[31],"tags":[],"class_list":["post-4709","post","type-post","status-publish","format-standard","has-post-thumbnail","hentry","category-la-region"],"_links":{"self":[{"href":"https:\/\/zaracaytv.com\/index.php?rest_route=\/wp\/v2\/posts\/4709","targetHints":{"allow":["GET"]}}],"collection":[{"href":"https:\/\/zaracaytv.com\/index.php?rest_route=\/wp\/v2\/posts"}],"about":[{"href":"https:\/\/zaracaytv.com\/index.php?rest_route=\/wp\/v2\/types\/post"}],"author":[{"embeddable":true,"href":"https:\/\/zaracaytv.com\/index.php?rest_route=\/wp\/v2\/users\/4"}],"replies":[{"embeddable":true,"href":"https:\/\/zaracaytv.com\/index.php?rest_route=%2Fwp%2Fv2%2Fcomments&post=4709"}],"version-history":[{"count":0,"href":"https:\/\/zaracaytv.com\/index.php?rest_route=\/wp\/v2\/posts\/4709\/revisions"}],"wp:featuredmedia":[{"embeddable":true,"href":"https:\/\/zaracaytv.com\/index.php?rest_route=\/wp\/v2\/media\/4710"}],"wp:attachment":[{"href":"https:\/\/zaracaytv.com\/index.php?rest_route=%2Fwp%2Fv2%2Fmedia&parent=4709"}],"wp:term":[{"taxonomy":"category","embeddable":true,"href":"https:\/\/zaracaytv.com\/index.php?rest_route=%2Fwp%2Fv2%2Fcategories&post=4709"},{"taxonomy":"post_tag","embeddable":true,"href":"https:\/\/zaracaytv.com\/index.php?rest_route=%2Fwp%2Fv2%2Ftags&post=4709"}],"curies":[{"name":"wp","href":"https:\/\/api.w.org\/{rel}","templated":true}]}}