{"id":4688,"date":"2022-12-21T15:00:06","date_gmt":"2022-12-21T15:00:06","guid":{"rendered":"http:\/\/zaracaytv.com\/?p=4688"},"modified":"2022-12-21T15:13:05","modified_gmt":"2022-12-21T15:13:05","slug":"varios-emprendedores-asistieron-al-festival-navideno-del-dulce-y-chocolate-en-santo-domingo","status":"publish","type":"post","link":"https:\/\/zaracaytv.com\/?p=4688","title":{"rendered":"VARIOS EMPRENDEDORES ASISTIERON AL FESTIVAL NAVIDE\u00d1O DEL DULCE Y CHOCOLATE EN SANTO DOMINGO"},"content":{"rendered":"<body><p><\/p><span style=\"font-weight: 400;\">El objetivo principal fue capacitar y promover los emprendimientos locales.<\/span>\n<p style=\"text-align: justify;\"><span style=\"font-weight: 400;\">Esta torta de tres metros y medio de largo que se elabor\u00f3 en dos d\u00edas, junto a este mu\u00f1eco de nieve, esta torta en forma de regalo y otras m\u00e1s hechas con galleta, fueron la atracci\u00f3n del Festival Navide\u00f1o del Dulce y Chocolate que se desarroll\u00f3 durante dos d\u00edas en Santo Domingo.\u00a0<\/span><\/p>\n<p style=\"text-align: justify;\"><span style=\"font-weight: 400;\"><img loading=\"lazy\" decoding=\"async\" class=\"size-medium wp-image-4690 alignleft\" src=\"http:\/\/zaracaytv.com\/wp-content\/uploads\/2022\/12\/MUNECO-300x174.jpg\" alt=\"\" width=\"300\" height=\"174\" loading=\"lazy\" srcset=\"https:\/\/zaracaytv.com\/wp-content\/uploads\/2022\/12\/MUNECO-300x174.jpg 300w, https:\/\/zaracaytv.com\/wp-content\/uploads\/2022\/12\/MUNECO-1024x593.jpg 1024w, https:\/\/zaracaytv.com\/wp-content\/uploads\/2022\/12\/MUNECO-768x445.jpg 768w, https:\/\/zaracaytv.com\/wp-content\/uploads\/2022\/12\/MUNECO-570x330.jpg 570w, https:\/\/zaracaytv.com\/wp-content\/uploads\/2022\/12\/MUNECO-270x156.jpg 270w, https:\/\/zaracaytv.com\/wp-content\/uploads\/2022\/12\/MUNECO-381x220.jpg 381w, https:\/\/zaracaytv.com\/wp-content\/uploads\/2022\/12\/MUNECO.jpg 1167w\" sizes=\"auto, (max-width: 300px) 100vw, 300px\" \/>Con motivo del mundial tambi\u00e9n se elabor\u00f3 esta figura con 100% chocolate, adem\u00e1s de zapatos y otras creaciones para el deleite de los asistentes.\u00a0<\/span><\/p>\n<p style=\"text-align: justify;\"><span style=\"font-weight: 400;\">Chocolates para todos los gustos hubo en este festival, en el que adem\u00e1s, los expositores dieron a conocer <\/span><span style=\"font-weight: 400;\">las t\u00e9cnicas y marcas de sus productos.<\/span><\/p>\n<p style=\"text-align: justify;\"><span style=\"font-weight: 400;\">Los emprendedores aspiran que el pr\u00f3ximo a\u00f1o se desarrollen m\u00e1s festivales de este tipo para estar a la vanguardia de las t\u00e9cnicas y poder tambi\u00e9n promocionar sus productos.\u00a0<\/span><\/p>\n<p><iframe title=\"Festival Navide\u00f1o del Dulce y Chocolate | Noticias | Zaracay TV\" width=\"800\" height=\"450\" src=\"https:\/\/www.youtube.com\/embed\/sIQbHI-R4AY?feature=oembed\" frameborder=\"0\" allow=\"accelerometer; autoplay; clipboard-write; encrypted-media; gyroscope; picture-in-picture\" allowfullscreen><\/iframe><\/p>\n<\/body>","protected":false},"excerpt":{"rendered":"<p>El objetivo principal fue capacitar y promover los emprendimientos locales. Esta torta de tres metros y medio de largo que se elabor\u00f3 en dos d\u00edas, junto a este mu\u00f1eco de nieve, esta torta en forma de regalo y otras m\u00e1s hechas con galleta, fueron la atracci\u00f3n del Festival Navide\u00f1o del Dulce y Chocolate que se [&hellip;]<\/p>\n","protected":false},"author":4,"featured_media":4692,"comment_status":"open","ping_status":"open","sticky":false,"template":"","format":"standard","meta":{"om_disable_all_campaigns":false,"_joinchat":[],"footnotes":""},"categories":[31],"tags":[],"class_list":["post-4688","post","type-post","status-publish","format-standard","has-post-thumbnail","hentry","category-la-region"],"_links":{"self":[{"href":"https:\/\/zaracaytv.com\/index.php?rest_route=\/wp\/v2\/posts\/4688","targetHints":{"allow":["GET"]}}],"collection":[{"href":"https:\/\/zaracaytv.com\/index.php?rest_route=\/wp\/v2\/posts"}],"about":[{"href":"https:\/\/zaracaytv.com\/index.php?rest_route=\/wp\/v2\/types\/post"}],"author":[{"embeddable":true,"href":"https:\/\/zaracaytv.com\/index.php?rest_route=\/wp\/v2\/users\/4"}],"replies":[{"embeddable":true,"href":"https:\/\/zaracaytv.com\/index.php?rest_route=%2Fwp%2Fv2%2Fcomments&post=4688"}],"version-history":[{"count":0,"href":"https:\/\/zaracaytv.com\/index.php?rest_route=\/wp\/v2\/posts\/4688\/revisions"}],"wp:featuredmedia":[{"embeddable":true,"href":"https:\/\/zaracaytv.com\/index.php?rest_route=\/wp\/v2\/media\/4692"}],"wp:attachment":[{"href":"https:\/\/zaracaytv.com\/index.php?rest_route=%2Fwp%2Fv2%2Fmedia&parent=4688"}],"wp:term":[{"taxonomy":"category","embeddable":true,"href":"https:\/\/zaracaytv.com\/index.php?rest_route=%2Fwp%2Fv2%2Fcategories&post=4688"},{"taxonomy":"post_tag","embeddable":true,"href":"https:\/\/zaracaytv.com\/index.php?rest_route=%2Fwp%2Fv2%2Ftags&post=4688"}],"curies":[{"name":"wp","href":"https:\/\/api.w.org\/{rel}","templated":true}]}}