{"id":4682,"date":"2022-12-20T23:03:43","date_gmt":"2022-12-20T23:03:43","guid":{"rendered":"http:\/\/zaracaytv.com\/?p=4682"},"modified":"2022-12-20T23:19:34","modified_gmt":"2022-12-20T23:19:34","slug":"estudiantes-tendran-dos-dias-de-descanso-por-feriado-de-navidad-y-fin-de-ano","status":"publish","type":"post","link":"https:\/\/zaracaytv.com\/?p=4682","title":{"rendered":"ESTUDIANTES TENDR\u00c1N DOS D\u00cdAS DE DESCANSO POR FERIADO DE NAVIDAD Y FIN DE A\u00d1O"},"content":{"rendered":"<body><p><\/p><span style=\"font-weight: 400;\">Seg\u00fan el cronograma del Ministerio de Educaci\u00f3n, los estudiantes ya no tendr\u00e1n receso de una semana como en a\u00f1os anteriores.\u00a0<\/span>\n<p><img loading=\"lazy\" decoding=\"async\" class=\"size-medium wp-image-4683 alignright\" style=\"text-align: justify;\" src=\"http:\/\/zaracaytv.com\/wp-content\/uploads\/2022\/12\/ESTUDIANTES-300x155.jpg\" alt=\"\" width=\"300\" height=\"155\" loading=\"lazy\" srcset=\"https:\/\/zaracaytv.com\/wp-content\/uploads\/2022\/12\/ESTUDIANTES-300x155.jpg 300w, https:\/\/zaracaytv.com\/wp-content\/uploads\/2022\/12\/ESTUDIANTES-1024x530.jpg 1024w, https:\/\/zaracaytv.com\/wp-content\/uploads\/2022\/12\/ESTUDIANTES-768x398.jpg 768w, https:\/\/zaracaytv.com\/wp-content\/uploads\/2022\/12\/ESTUDIANTES-570x295.jpg 570w, https:\/\/zaracaytv.com\/wp-content\/uploads\/2022\/12\/ESTUDIANTES-270x140.jpg 270w, https:\/\/zaracaytv.com\/wp-content\/uploads\/2022\/12\/ESTUDIANTES-1200x625.jpg 1200w, https:\/\/zaracaytv.com\/wp-content\/uploads\/2022\/12\/ESTUDIANTES-850x438.jpg 850w, https:\/\/zaracaytv.com\/wp-content\/uploads\/2022\/12\/ESTUDIANTES.jpg 1207w\" sizes=\"auto, (max-width: 300px) 100vw, 300px\" \/><\/p>\n<p style=\"text-align: justify;\"><span style=\"font-weight: 400;\">El 26 de diciembre y el 2 de enero ser\u00e1n los dos \u00fanicos d\u00edas que tendr\u00e1n los estudiantes para disfrutar del feriado, seg\u00fan el cronograma del Ministerio de Educaci\u00f3n. Ip\u00f3lito Borja, director de la unidad educativa Iberoamericano, manifest\u00f3 que esto es positivo, pues\u00a0 se podr\u00e1 compartir en estas fechas festivas con los alumnos y organizar eventos que fortalezcan a la comunidad educativa.\u00a0<\/span><\/p>\n<p style=\"text-align: justify;\"><span style=\"font-weight: 400;\">Si bien antes se daba una semana entera para que los estudiantes disfrutaran junto a sus familiares, esta nueva medida puede causar inconformidad en los estudiantes, se\u00f1al\u00f3 Patricia Ch\u00e1<\/span><span style=\"font-weight: 400;\">v<\/span><span style=\"text-align: justify;\">ez, pues los alumnos estaban acostumbrados a salir el 22 de diciembre y retornar el 3 de enero.\u00a0<\/span><\/p>\n<p style=\"text-align: justify;\"><span style=\"font-weight: 400;\">Con la continuidad de las clases en estas fechas, las medidas de bioseguridad se han reforzado, se\u00f1al\u00f3 Noem\u00ed Borja, vicerrectora del Iberoamericano, con el fin de frenar los contagios de influenza y covid \u2013 19.<\/span><\/p>\n<p><span style=\"font-weight: 400;\">En otro \u00e1mbito donde se ha reducido por completo las vacaciones es en la finalizaci\u00f3n del Quimestre, los estudiantes ya no tienen vacaciones al finalizar estos 2 periodos.<\/span><\/p>\n<p><iframe title=\"Estudiantes solo tendr\u00e1n 2 libres por Navidad y A\u00f1o Nuevo | Noticias | Zaracay TV\" width=\"800\" height=\"450\" src=\"https:\/\/www.youtube.com\/embed\/bEeDd7QueNo?feature=oembed\" frameborder=\"0\" allow=\"accelerometer; autoplay; clipboard-write; encrypted-media; gyroscope; picture-in-picture\" allowfullscreen><\/iframe><\/p>\n<\/body>","protected":false},"excerpt":{"rendered":"<p>Seg\u00fan el cronograma del Ministerio de Educaci\u00f3n, los estudiantes ya no tendr\u00e1n receso de una semana como en a\u00f1os anteriores.\u00a0 El 26 de diciembre y el 2 de enero ser\u00e1n los dos \u00fanicos d\u00edas que tendr\u00e1n los estudiantes para disfrutar del feriado, seg\u00fan el cronograma del Ministerio de Educaci\u00f3n. Ip\u00f3lito Borja, director de la unidad [&hellip;]<\/p>\n","protected":false},"author":4,"featured_media":4684,"comment_status":"open","ping_status":"open","sticky":false,"template":"","format":"standard","meta":{"om_disable_all_campaigns":false,"_joinchat":[],"footnotes":""},"categories":[31],"tags":[],"class_list":["post-4682","post","type-post","status-publish","format-standard","has-post-thumbnail","hentry","category-la-region"],"_links":{"self":[{"href":"https:\/\/zaracaytv.com\/index.php?rest_route=\/wp\/v2\/posts\/4682","targetHints":{"allow":["GET"]}}],"collection":[{"href":"https:\/\/zaracaytv.com\/index.php?rest_route=\/wp\/v2\/posts"}],"about":[{"href":"https:\/\/zaracaytv.com\/index.php?rest_route=\/wp\/v2\/types\/post"}],"author":[{"embeddable":true,"href":"https:\/\/zaracaytv.com\/index.php?rest_route=\/wp\/v2\/users\/4"}],"replies":[{"embeddable":true,"href":"https:\/\/zaracaytv.com\/index.php?rest_route=%2Fwp%2Fv2%2Fcomments&post=4682"}],"version-history":[{"count":0,"href":"https:\/\/zaracaytv.com\/index.php?rest_route=\/wp\/v2\/posts\/4682\/revisions"}],"wp:featuredmedia":[{"embeddable":true,"href":"https:\/\/zaracaytv.com\/index.php?rest_route=\/wp\/v2\/media\/4684"}],"wp:attachment":[{"href":"https:\/\/zaracaytv.com\/index.php?rest_route=%2Fwp%2Fv2%2Fmedia&parent=4682"}],"wp:term":[{"taxonomy":"category","embeddable":true,"href":"https:\/\/zaracaytv.com\/index.php?rest_route=%2Fwp%2Fv2%2Fcategories&post=4682"},{"taxonomy":"post_tag","embeddable":true,"href":"https:\/\/zaracaytv.com\/index.php?rest_route=%2Fwp%2Fv2%2Ftags&post=4682"}],"curies":[{"name":"wp","href":"https:\/\/api.w.org\/{rel}","templated":true}]}}