{"id":4663,"date":"2022-12-20T14:25:42","date_gmt":"2022-12-20T14:25:42","guid":{"rendered":"http:\/\/zaracaytv.com\/?p=4663"},"modified":"2022-12-20T14:41:03","modified_gmt":"2022-12-20T14:41:03","slug":"habitantes-del-barrio-san-francisco-piden-obras-para-la-comunidad","status":"publish","type":"post","link":"https:\/\/zaracaytv.com\/?p=4663","title":{"rendered":"HABITANTES DEL BARRIO SAN FRANCISCO PIDEN OBRAS PARA LA COMUNIDAD"},"content":{"rendered":"<body><p><\/p><span style=\"font-weight: 400;\">Desde hace varios a\u00f1os, atraviesan inconvenientes por la falta de un encajonamiento sanitario.<\/span>\n<p style=\"text-align: justify;\"><span style=\"font-weight: 400;\">Desde hace varios a\u00f1os, quienes habitan en el barrio San Francisco, atraviesan un sinn\u00famero de adversidades por la falta de un encajonamiento sanitario. Se\u00f1alan que por la falta de acciones de las autoridades municipales, diariamente deben lidiar con los estragos que generan las aguas servidas vertidas en el sitio, como lo indic\u00f3 \u00c1ngel Ruiz, morador del sector.<\/span><\/p>\n<p style=\"text-align: justify;\"><span style=\"font-weight: 400;\"> <img loading=\"lazy\" decoding=\"async\" class=\"size-medium wp-image-4666 alignleft\" src=\"http:\/\/zaracaytv.com\/wp-content\/uploads\/2022\/12\/SAN-FRANCISCO-300x155.jpg\" alt=\"\" width=\"300\" height=\"155\" loading=\"lazy\" srcset=\"https:\/\/zaracaytv.com\/wp-content\/uploads\/2022\/12\/SAN-FRANCISCO-300x155.jpg 300w, https:\/\/zaracaytv.com\/wp-content\/uploads\/2022\/12\/SAN-FRANCISCO-1024x528.jpg 1024w, https:\/\/zaracaytv.com\/wp-content\/uploads\/2022\/12\/SAN-FRANCISCO-768x396.jpg 768w, https:\/\/zaracaytv.com\/wp-content\/uploads\/2022\/12\/SAN-FRANCISCO-570x294.jpg 570w, https:\/\/zaracaytv.com\/wp-content\/uploads\/2022\/12\/SAN-FRANCISCO-270x139.jpg 270w, https:\/\/zaracaytv.com\/wp-content\/uploads\/2022\/12\/SAN-FRANCISCO-850x438.jpg 850w, https:\/\/zaracaytv.com\/wp-content\/uploads\/2022\/12\/SAN-FRANCISCO.jpg 1200w\" sizes=\"auto, (max-width: 300px) 100vw, 300px\" \/><\/span><\/p>\n<p style=\"text-align: justify;\"><span style=\"font-weight: 400;\">Bajo este panorama, piden acciones inmediatas a las autoridades, pues se\u00f1alan que pese a que conocen la situaci\u00f3n que atraviesan en el sitio, hasta la fecha no han recibido soluci\u00f3n alguna.\u00a0<\/span><\/p>\n<p style=\"text-align: justify;\"><span style=\"font-weight: 400;\">Mar\u00eda Rodr\u00edguez, habita en el lugar desde hace m\u00e1s de 10 a\u00f1os, se\u00f1ala que adem\u00e1s de este problema el deteriorado estado de sus calles y la falta de atenci\u00f3n en el sitio persiste. Lo que ha provocado a su vez, otros inconvenientes anexos a esta situaci\u00f3n.\u00a0<\/span><\/p>\n<p style=\"text-align: justify;\"><span style=\"font-weight: 400;\">La comunidad expone que durante cada temporada invernal, se generan inundaciones en el sector que a su vez, causa serias afectaciones en los domicilios del lugar. Por tal raz\u00f3n esperan la intervenci\u00f3n oportuna para evitar m\u00e1s p\u00e9rdidas cuando inicien las fuertes lluvias.<\/span><\/p>\n<p><iframe title=\"Piden obras p\u00fablicas en el barrio San Francisco | Noticias | Zaracay TV\" width=\"800\" height=\"450\" src=\"https:\/\/www.youtube.com\/embed\/eWPlMTCTXHk?feature=oembed\" frameborder=\"0\" allow=\"accelerometer; autoplay; clipboard-write; encrypted-media; gyroscope; picture-in-picture\" allowfullscreen><\/iframe><\/p>\n<\/body>","protected":false},"excerpt":{"rendered":"<p>Desde hace varios a\u00f1os, atraviesan inconvenientes por la falta de un encajonamiento sanitario. Desde hace varios a\u00f1os, quienes habitan en el barrio San Francisco, atraviesan un sinn\u00famero de adversidades por la falta de un encajonamiento sanitario. Se\u00f1alan que por la falta de acciones de las autoridades municipales, diariamente deben lidiar con los estragos que generan [&hellip;]<\/p>\n","protected":false},"author":4,"featured_media":4668,"comment_status":"open","ping_status":"open","sticky":false,"template":"","format":"standard","meta":{"om_disable_all_campaigns":false,"_joinchat":[],"footnotes":""},"categories":[25],"tags":[],"class_list":["post-4663","post","type-post","status-publish","format-standard","has-post-thumbnail","hentry","category-la-comunidad"],"_links":{"self":[{"href":"https:\/\/zaracaytv.com\/index.php?rest_route=\/wp\/v2\/posts\/4663","targetHints":{"allow":["GET"]}}],"collection":[{"href":"https:\/\/zaracaytv.com\/index.php?rest_route=\/wp\/v2\/posts"}],"about":[{"href":"https:\/\/zaracaytv.com\/index.php?rest_route=\/wp\/v2\/types\/post"}],"author":[{"embeddable":true,"href":"https:\/\/zaracaytv.com\/index.php?rest_route=\/wp\/v2\/users\/4"}],"replies":[{"embeddable":true,"href":"https:\/\/zaracaytv.com\/index.php?rest_route=%2Fwp%2Fv2%2Fcomments&post=4663"}],"version-history":[{"count":0,"href":"https:\/\/zaracaytv.com\/index.php?rest_route=\/wp\/v2\/posts\/4663\/revisions"}],"wp:featuredmedia":[{"embeddable":true,"href":"https:\/\/zaracaytv.com\/index.php?rest_route=\/wp\/v2\/media\/4668"}],"wp:attachment":[{"href":"https:\/\/zaracaytv.com\/index.php?rest_route=%2Fwp%2Fv2%2Fmedia&parent=4663"}],"wp:term":[{"taxonomy":"category","embeddable":true,"href":"https:\/\/zaracaytv.com\/index.php?rest_route=%2Fwp%2Fv2%2Fcategories&post=4663"},{"taxonomy":"post_tag","embeddable":true,"href":"https:\/\/zaracaytv.com\/index.php?rest_route=%2Fwp%2Fv2%2Ftags&post=4663"}],"curies":[{"name":"wp","href":"https:\/\/api.w.org\/{rel}","templated":true}]}}