{"id":4655,"date":"2022-12-19T22:26:16","date_gmt":"2022-12-19T22:26:16","guid":{"rendered":"http:\/\/zaracaytv.com\/?p=4655"},"modified":"2022-12-19T22:26:16","modified_gmt":"2022-12-19T22:26:16","slug":"el-eln-declara-un-alto-el-fuego-unilateral-durante-la-navidad","status":"publish","type":"post","link":"https:\/\/zaracaytv.com\/?p=4655","title":{"rendered":"EL ELN DECLARA UN ALTO EL FUEGO UNILATERAL DURANTE LA NAVIDAD"},"content":{"rendered":"<body><p><\/p>La guerrilla del Ej\u00e9rcito de Liberaci\u00f3n Nacional, que est\u00e1 en conversaciones de paz con el Gobierno colombiano, anunci\u00f3 este lunes un cese el fuego unilateral durante las fiestas.\n<p style=\"text-align: justify;\"><span style=\"font-weight: 400;\">El ELN declara una tregua navide\u00f1a. La guerrilla del Ej\u00e9rcito de Liberaci\u00f3n Nacional, que est\u00e1 en conversaciones de paz con el Gobierno colombiano, anunci\u00f3 este lunes un cese el fuego unilateral durante las fiestas, seg\u00fan dice el comunicado, \u201cpara crear un ambiente de paz en estas fechas\u201d.<\/span><\/p>\n<p style=\"text-align: justify;\"><span style=\"font-weight: 400;\"><img loading=\"lazy\" decoding=\"async\" class=\"size-medium wp-image-4657 alignleft\" src=\"http:\/\/zaracaytv.com\/wp-content\/uploads\/2022\/12\/ELN-1-300x121.jpg\" alt=\"\" width=\"300\" height=\"121\" loading=\"lazy\" srcset=\"https:\/\/zaracaytv.com\/wp-content\/uploads\/2022\/12\/ELN-1-300x121.jpg 300w, https:\/\/zaracaytv.com\/wp-content\/uploads\/2022\/12\/ELN-1-1024x412.jpg 1024w, https:\/\/zaracaytv.com\/wp-content\/uploads\/2022\/12\/ELN-1-768x309.jpg 768w, https:\/\/zaracaytv.com\/wp-content\/uploads\/2022\/12\/ELN-1-570x229.jpg 570w, https:\/\/zaracaytv.com\/wp-content\/uploads\/2022\/12\/ELN-1-270x109.jpg 270w, https:\/\/zaracaytv.com\/wp-content\/uploads\/2022\/12\/ELN-1.jpg 1198w\" sizes=\"auto, (max-width: 300px) 100vw, 300px\" \/>\u201cDecretamos un cese el fuego unilateral a partir de las 6 horas del 24 de diciembre del 2022 hasta las 6 horas del 2 de enero de 2023\u201d, dijo la portavoz que ley\u00f3 el comunicado.<\/span><\/p>\n<p style=\"text-align: justify;\"><span style=\"font-weight: 400;\">No obstante, advierten que la medida solo cubre a la Polic\u00eda y los militares colombianos, y que se reservan el derecho a defenderse \u201cen caso de ser atacados\u201d.<\/span><\/p>\n<p style=\"text-align: justify;\"><span style=\"font-weight: 400;\">No es la primera vez que ELN decreta un alto el fuego mientras est\u00e1 negociando, como gesto de buena voluntad.<\/span><\/p>\n<p style=\"text-align: justify;\"><span style=\"font-weight: 400;\">El Gobierno de Gustavo Petro ha celebrado la noticia y pedido a otros grupos armados que se unan al cese de hostilidades en aras de una paz total.<\/span><\/p>\n<p><\/p>\n<\/body>","protected":false},"excerpt":{"rendered":"<p>La guerrilla del Ej\u00e9rcito de Liberaci\u00f3n Nacional, que est\u00e1 en conversaciones de paz con el Gobierno colombiano, anunci\u00f3 este lunes un cese el fuego unilateral durante las fiestas. El ELN declara una tregua navide\u00f1a. La guerrilla del Ej\u00e9rcito de Liberaci\u00f3n Nacional, que est\u00e1 en conversaciones de paz con el Gobierno colombiano, anunci\u00f3 este lunes un [&hellip;]<\/p>\n","protected":false},"author":4,"featured_media":4656,"comment_status":"open","ping_status":"open","sticky":false,"template":"","format":"standard","meta":{"om_disable_all_campaigns":false,"_joinchat":[],"footnotes":""},"categories":[40],"tags":[],"class_list":["post-4655","post","type-post","status-publish","format-standard","has-post-thumbnail","hentry","category-mundo"],"_links":{"self":[{"href":"https:\/\/zaracaytv.com\/index.php?rest_route=\/wp\/v2\/posts\/4655","targetHints":{"allow":["GET"]}}],"collection":[{"href":"https:\/\/zaracaytv.com\/index.php?rest_route=\/wp\/v2\/posts"}],"about":[{"href":"https:\/\/zaracaytv.com\/index.php?rest_route=\/wp\/v2\/types\/post"}],"author":[{"embeddable":true,"href":"https:\/\/zaracaytv.com\/index.php?rest_route=\/wp\/v2\/users\/4"}],"replies":[{"embeddable":true,"href":"https:\/\/zaracaytv.com\/index.php?rest_route=%2Fwp%2Fv2%2Fcomments&post=4655"}],"version-history":[{"count":0,"href":"https:\/\/zaracaytv.com\/index.php?rest_route=\/wp\/v2\/posts\/4655\/revisions"}],"wp:featuredmedia":[{"embeddable":true,"href":"https:\/\/zaracaytv.com\/index.php?rest_route=\/wp\/v2\/media\/4656"}],"wp:attachment":[{"href":"https:\/\/zaracaytv.com\/index.php?rest_route=%2Fwp%2Fv2%2Fmedia&parent=4655"}],"wp:term":[{"taxonomy":"category","embeddable":true,"href":"https:\/\/zaracaytv.com\/index.php?rest_route=%2Fwp%2Fv2%2Fcategories&post=4655"},{"taxonomy":"post_tag","embeddable":true,"href":"https:\/\/zaracaytv.com\/index.php?rest_route=%2Fwp%2Fv2%2Ftags&post=4655"}],"curies":[{"name":"wp","href":"https:\/\/api.w.org\/{rel}","templated":true}]}}