{"id":4133,"date":"2022-07-23T15:18:40","date_gmt":"2022-07-23T15:18:40","guid":{"rendered":"http:\/\/zaracaytv.com\/?p=4133"},"modified":"2022-07-23T15:18:40","modified_gmt":"2022-07-23T15:18:40","slug":"emelec-difundio-su-nomina-para-la-expedicion-a-sao-paulo-para-medirse-con-el-bicampeon-del-continente","status":"publish","type":"post","link":"https:\/\/zaracaytv.com\/?p=4133","title":{"rendered":"EMELEC DIFUNDI\u00d3 SU N\u00d3MINA PARA LA EXPEDICI\u00d3N A SAO PAULO PARA MEDIRSE CON EL BICAMPE\u00d3N DEL CONTINENTE"},"content":{"rendered":"<body><div>\n<p>TRAS DERROTA A MANOS DE ORENSE, EMELEC VIAJA A BRASIL PARA ENFRENTAR AL INVICTO PALMEIRAS POR COPA LIBERTADORES<\/p>\n<\/div>\n<div>\n<p>Emelec, que el domingo perdi\u00f3 en campo de Orense (2-0) y qued\u00f3 con m\u00ednimas posibilidades para ganar la primera fase de la LigaPro de Ecuador, viaja la tarde de este lunes con destino a Sao Paulo (Brasil) por el partido de Copa Libertadores frente al invicto Palmeiras, el mi\u00e9rcoles.<\/p>\n<\/div>\n<div>\n<p>Tras la derrota en la decimotercera fecha del campeonato ecuatoriano, Emelec va al Allianz Parque en busca de un resultado que le permita seguir en la segunda posici\u00f3n del grupo A de la Libertadores.<\/p>\n<\/div>\n<div>\n<p>El bicampe\u00f3n Palmeiras se clasific\u00f3 a la ronda de octavos de final prematuramente, en la cuarta fecha, dos antes del final de la fase de grupos.<\/p>\n<\/div>\n<div>\n<p>Emelec, con 5 unidades, necesita un triunfo en Brasil para dar un paso importante hacia la clasificaci\u00f3n. Un empate le sirve siempre que Deportivo T\u00e1chira, tercero con 4 puntos, no sume a costa del ya eliminado Independiente Petrolero.<\/p>\n<\/div>\n<\/body>","protected":false},"excerpt":{"rendered":"<p>TRAS DERROTA A MANOS DE ORENSE, EMELEC VIAJA A BRASIL PARA ENFRENTAR AL INVICTO PALMEIRAS POR COPA LIBERTADORES Emelec, que el domingo perdi\u00f3 en campo de Orense (2-0) y qued\u00f3 con m\u00ednimas posibilidades para ganar la primera fase de la LigaPro de Ecuador, viaja la tarde de este lunes con destino a Sao Paulo (Brasil) [&hellip;]<\/p>\n","protected":false},"author":1,"featured_media":4134,"comment_status":"open","ping_status":"open","sticky":false,"template":"","format":"standard","meta":{"om_disable_all_campaigns":false,"_joinchat":[],"footnotes":""},"categories":[32],"tags":[],"class_list":["post-4133","post","type-post","status-publish","format-standard","has-post-thumbnail","hentry","category-deportes"],"_links":{"self":[{"href":"https:\/\/zaracaytv.com\/index.php?rest_route=\/wp\/v2\/posts\/4133","targetHints":{"allow":["GET"]}}],"collection":[{"href":"https:\/\/zaracaytv.com\/index.php?rest_route=\/wp\/v2\/posts"}],"about":[{"href":"https:\/\/zaracaytv.com\/index.php?rest_route=\/wp\/v2\/types\/post"}],"author":[{"embeddable":true,"href":"https:\/\/zaracaytv.com\/index.php?rest_route=\/wp\/v2\/users\/1"}],"replies":[{"embeddable":true,"href":"https:\/\/zaracaytv.com\/index.php?rest_route=%2Fwp%2Fv2%2Fcomments&post=4133"}],"version-history":[{"count":0,"href":"https:\/\/zaracaytv.com\/index.php?rest_route=\/wp\/v2\/posts\/4133\/revisions"}],"wp:featuredmedia":[{"embeddable":true,"href":"https:\/\/zaracaytv.com\/index.php?rest_route=\/wp\/v2\/media\/4134"}],"wp:attachment":[{"href":"https:\/\/zaracaytv.com\/index.php?rest_route=%2Fwp%2Fv2%2Fmedia&parent=4133"}],"wp:term":[{"taxonomy":"category","embeddable":true,"href":"https:\/\/zaracaytv.com\/index.php?rest_route=%2Fwp%2Fv2%2Fcategories&post=4133"},{"taxonomy":"post_tag","embeddable":true,"href":"https:\/\/zaracaytv.com\/index.php?rest_route=%2Fwp%2Fv2%2Ftags&post=4133"}],"curies":[{"name":"wp","href":"https:\/\/api.w.org\/{rel}","templated":true}]}}