{"id":29106,"date":"2026-09-04T18:25:58","date_gmt":"2026-09-04T23:25:58","guid":{"rendered":"https:\/\/zaracaytv.com\/?p=29106"},"modified":"2026-09-04T18:25:58","modified_gmt":"2026-09-04T23:25:58","slug":"la-federacion-realizo-el-acto-de-presentacion-de-los-abanderados","status":"publish","type":"post","link":"https:\/\/zaracaytv.com\/?p=29106","title":{"rendered":"LA FEDERACI\u00d3N REALIZ\u00d3 EL ACTO DE PRESENTACI\u00d3N DE LOS ABANDERADOS"},"content":{"rendered":"<p><img decoding=\"async\" class=\"size-medium wp-image-29099 alignleft\" src=\"https:\/\/zaracaytv.com\/wp-content\/uploads\/2026\/09\/bbb-300x165.png\" alt=\"\" width=\"300\" height=\"165\" srcset=\"https:\/\/zaracaytv.com\/wp-content\/uploads\/2026\/09\/bbb-300x165.png 300w, https:\/\/zaracaytv.com\/wp-content\/uploads\/2026\/09\/bbb-768x421.png 768w, https:\/\/zaracaytv.com\/wp-content\/uploads\/2026\/09\/bbb-570x313.png 570w, https:\/\/zaracaytv.com\/wp-content\/uploads\/2026\/09\/bbb-270x148.png 270w, https:\/\/zaracaytv.com\/wp-content\/uploads\/2026\/09\/bbb.png 988w\" sizes=\"(max-width: 300px) 100vw, 300px\" \/>En un acto conmemorativo, la Federaci\u00f3n Deportiva Provincial de Santo Domingo de los Ts\u00e1chilas present\u00f3 este 4 de septiembre a las abanderadas que representar\u00e1n a la provincia en los XVII Juegos Nacionales de Menores Guayas 2026. Hugo Chila, presidente de la entidad, destac\u00f3 la participaci\u00f3n de los deportistas y augur\u00f3 \u00e9xitos a todos los atletas que ser\u00e1n parte de esta competencia.<\/p>\n<p>Adem\u00e1s, fueron presentados los 90 deportistas que representar\u00e1n a la provincia en las distintas disciplinas. Una de ellas es Sara\u00ed Realpe, quien fue designada como abanderada principal para estos Juegos. La atleta se\u00f1al\u00f3 que tiene grandes expectativas de dejar en alto el nombre de la provincia y que su preparaci\u00f3n para este torneo ha sido exigente. Tambi\u00e9n agradeci\u00f3 el apoyo recibido y motiv\u00f3 a sus compa\u00f1eros a representar con orgullo a la tierra Ts\u00e1chila.<\/p>\n<p>El trabajo con los deportistas menores ha sido constante para que lleguen preparados, motivados y concentrados a disputar las medallas en las diferentes disciplinas. El respaldo de los entrenadores ha sido fundamental para alcanzar el nivel competitivo con el que llegan los atletas a este torneo nacional.<\/p>\n<p>Los Juegos Nacionales de Menores se desarrollar\u00e1n en la provincia del Guayas del 7 al 27 de septiembre y reunir\u00e1n a deportistas de diferentes provincias del pa\u00eds. Esta competencia constituye uno de los principales escenarios nacionales para las categor\u00edas formativas.<\/p>\n","protected":false},"excerpt":{"rendered":"<p>En un acto conmemorativo, la Federaci\u00f3n Deportiva Provincial de Santo Domingo de los Ts\u00e1chilas present\u00f3 este 4 de septiembre a las abanderadas que representar\u00e1n a la provincia en los XVII Juegos Nacionales de Menores Guayas 2026. Hugo Chila, presidente de la entidad, destac\u00f3 la participaci\u00f3n de los deportistas y augur\u00f3 \u00e9xitos a todos los atletas [&hellip;]<\/p>\n","protected":false},"author":7,"featured_media":29099,"comment_status":"closed","ping_status":"closed","sticky":false,"template":"","format":"standard","meta":{"om_disable_all_campaigns":false,"_joinchat":[],"footnotes":""},"categories":[32,31],"tags":[],"class_list":["post-29106","post","type-post","status-publish","format-standard","has-post-thumbnail","hentry","category-deportes","category-la-region"],"_links":{"self":[{"href":"https:\/\/zaracaytv.com\/index.php?rest_route=\/wp\/v2\/posts\/29106","targetHints":{"allow":["GET"]}}],"collection":[{"href":"https:\/\/zaracaytv.com\/index.php?rest_route=\/wp\/v2\/posts"}],"about":[{"href":"https:\/\/zaracaytv.com\/index.php?rest_route=\/wp\/v2\/types\/post"}],"author":[{"embeddable":true,"href":"https:\/\/zaracaytv.com\/index.php?rest_route=\/wp\/v2\/users\/7"}],"replies":[{"embeddable":true,"href":"https:\/\/zaracaytv.com\/index.php?rest_route=%2Fwp%2Fv2%2Fcomments&post=29106"}],"version-history":[{"count":1,"href":"https:\/\/zaracaytv.com\/index.php?rest_route=\/wp\/v2\/posts\/29106\/revisions"}],"predecessor-version":[{"id":29107,"href":"https:\/\/zaracaytv.com\/index.php?rest_route=\/wp\/v2\/posts\/29106\/revisions\/29107"}],"wp:featuredmedia":[{"embeddable":true,"href":"https:\/\/zaracaytv.com\/index.php?rest_route=\/wp\/v2\/media\/29099"}],"wp:attachment":[{"href":"https:\/\/zaracaytv.com\/index.php?rest_route=%2Fwp%2Fv2%2Fmedia&parent=29106"}],"wp:term":[{"taxonomy":"category","embeddable":true,"href":"https:\/\/zaracaytv.com\/index.php?rest_route=%2Fwp%2Fv2%2Fcategories&post=29106"},{"taxonomy":"post_tag","embeddable":true,"href":"https:\/\/zaracaytv.com\/index.php?rest_route=%2Fwp%2Fv2%2Ftags&post=29106"}],"curies":[{"name":"wp","href":"https:\/\/api.w.org\/{rel}","templated":true}]}}