{"id":29104,"date":"2026-09-04T18:25:04","date_gmt":"2026-09-04T23:25:04","guid":{"rendered":"https:\/\/zaracaytv.com\/?p=29104"},"modified":"2026-09-04T18:25:04","modified_gmt":"2026-09-04T23:25:04","slug":"las-capacitaciones-se-realizaran-del-7-de-septiembre-al-29-de-noviembre","status":"publish","type":"post","link":"https:\/\/zaracaytv.com\/?p=29104","title":{"rendered":"LAS CAPACITACIONES SE REALIZAR\u00c1N DEL 7 DE SEPTIEMBRE AL 29 DE NOVIEMBRE"},"content":{"rendered":"<p><img fetchpriority=\"high\" decoding=\"async\" class=\"size-medium wp-image-29097 alignleft\" src=\"https:\/\/zaracaytv.com\/wp-content\/uploads\/2026\/09\/dddd-300x174.png\" alt=\"\" width=\"300\" height=\"174\" srcset=\"https:\/\/zaracaytv.com\/wp-content\/uploads\/2026\/09\/dddd-300x174.png 300w, https:\/\/zaracaytv.com\/wp-content\/uploads\/2026\/09\/dddd-768x447.png 768w, https:\/\/zaracaytv.com\/wp-content\/uploads\/2026\/09\/dddd-568x330.png 568w, https:\/\/zaracaytv.com\/wp-content\/uploads\/2026\/09\/dddd-270x157.png 270w, https:\/\/zaracaytv.com\/wp-content\/uploads\/2026\/09\/dddd.png 958w\" sizes=\"(max-width: 300px) 100vw, 300px\" \/>De cara a las elecciones seccionales del pr\u00f3ximo 29 de noviembre, el Consejo Nacional Electoral inicia una etapa clave para garantizar la organizaci\u00f3n de la jornada. Desde este viernes 4 de septiembre hasta el 19 de octubre se notificar\u00e1 a los ciudadanos designados como miembros de las Juntas Receptoras del Voto. A la par, del 7 de septiembre al 29 de noviembre se desarrollar\u00e1 el proceso de capacitaci\u00f3n. Edy Meza, responsable de la Unidad de Procesos Electorales del CNE en Santo Domingo de los Ts\u00e1chilas, explic\u00f3 los detalles de esta fase.<\/p>\n<p>Adem\u00e1s, Meza insisti\u00f3 en que las capacitaciones presenciales son obligatorias tanto para los miembros principales como para los suplentes. Para facilitar el acceso de los ciudadanos, estar\u00e1n habilitados puntos de capacitaci\u00f3n fijos o permanentes en Santo Domingo y La Concordia, donde los integrantes de las juntas podr\u00e1n recibir orientaci\u00f3n sobre las responsabilidades que deber\u00e1n asumir durante el proceso electoral.<\/p>\n<p>Durante esta jornada tambi\u00e9n se aplicar\u00e1 el conteo r\u00e1pido, como parte de los mecanismos previstos para este proceso.<\/p>\n<p>Mercy Quishpe, analista provincial electoral y responsable de Capacitaci\u00f3n, destac\u00f3 que la preparaci\u00f3n de los miembros de las juntas es fundamental, pues deber\u00e1n conocer cada una de las fases de la jornada, desde la instalaci\u00f3n de la mesa y la recepci\u00f3n de los electores hasta el escrutinio y la entrega de los resultados.<\/p>\n<p>Con estas acciones, el CNE busca que los ciudadanos designados lleguen preparados al 29 de noviembre y puedan cumplir correctamente con una responsabilidad fundamental para garantizar la transparencia, organizaci\u00f3n y confianza en los resultados de las elecciones seccionales.<\/p>\n","protected":false},"excerpt":{"rendered":"<p>De cara a las elecciones seccionales del pr\u00f3ximo 29 de noviembre, el Consejo Nacional Electoral inicia una etapa clave para garantizar la organizaci\u00f3n de la jornada. Desde este viernes 4 de septiembre hasta el 19 de octubre se notificar\u00e1 a los ciudadanos designados como miembros de las Juntas Receptoras del Voto. A la par, del [&hellip;]<\/p>\n","protected":false},"author":7,"featured_media":29097,"comment_status":"closed","ping_status":"closed","sticky":false,"template":"","format":"standard","meta":{"om_disable_all_campaigns":false,"_joinchat":[],"footnotes":""},"categories":[31],"tags":[],"class_list":["post-29104","post","type-post","status-publish","format-standard","has-post-thumbnail","hentry","category-la-region"],"_links":{"self":[{"href":"https:\/\/zaracaytv.com\/index.php?rest_route=\/wp\/v2\/posts\/29104","targetHints":{"allow":["GET"]}}],"collection":[{"href":"https:\/\/zaracaytv.com\/index.php?rest_route=\/wp\/v2\/posts"}],"about":[{"href":"https:\/\/zaracaytv.com\/index.php?rest_route=\/wp\/v2\/types\/post"}],"author":[{"embeddable":true,"href":"https:\/\/zaracaytv.com\/index.php?rest_route=\/wp\/v2\/users\/7"}],"replies":[{"embeddable":true,"href":"https:\/\/zaracaytv.com\/index.php?rest_route=%2Fwp%2Fv2%2Fcomments&post=29104"}],"version-history":[{"count":1,"href":"https:\/\/zaracaytv.com\/index.php?rest_route=\/wp\/v2\/posts\/29104\/revisions"}],"predecessor-version":[{"id":29105,"href":"https:\/\/zaracaytv.com\/index.php?rest_route=\/wp\/v2\/posts\/29104\/revisions\/29105"}],"wp:featuredmedia":[{"embeddable":true,"href":"https:\/\/zaracaytv.com\/index.php?rest_route=\/wp\/v2\/media\/29097"}],"wp:attachment":[{"href":"https:\/\/zaracaytv.com\/index.php?rest_route=%2Fwp%2Fv2%2Fmedia&parent=29104"}],"wp:term":[{"taxonomy":"category","embeddable":true,"href":"https:\/\/zaracaytv.com\/index.php?rest_route=%2Fwp%2Fv2%2Fcategories&post=29104"},{"taxonomy":"post_tag","embeddable":true,"href":"https:\/\/zaracaytv.com\/index.php?rest_route=%2Fwp%2Fv2%2Ftags&post=29104"}],"curies":[{"name":"wp","href":"https:\/\/api.w.org\/{rel}","templated":true}]}}