{"id":29095,"date":"2026-09-04T18:21:59","date_gmt":"2026-09-04T23:21:59","guid":{"rendered":"https:\/\/zaracaytv.com\/?p=29095"},"modified":"2026-09-04T18:21:59","modified_gmt":"2026-09-04T23:21:59","slug":"impacto-entre-motocicleta-y-taxi-dejo-dos-heridos","status":"publish","type":"post","link":"https:\/\/zaracaytv.com\/?p=29095","title":{"rendered":"IMPACTO ENTRE MOTOCICLETA Y TAXI DEJ\u00d3 DOS HERIDOS"},"content":{"rendered":"<p><img fetchpriority=\"high\" decoding=\"async\" class=\"size-medium wp-image-29100 alignleft\" src=\"https:\/\/zaracaytv.com\/wp-content\/uploads\/2026\/09\/aa-300x168.png\" alt=\"\" width=\"300\" height=\"168\" srcset=\"https:\/\/zaracaytv.com\/wp-content\/uploads\/2026\/09\/aa-300x168.png 300w, https:\/\/zaracaytv.com\/wp-content\/uploads\/2026\/09\/aa-768x431.png 768w, https:\/\/zaracaytv.com\/wp-content\/uploads\/2026\/09\/aa-570x320.png 570w, https:\/\/zaracaytv.com\/wp-content\/uploads\/2026\/09\/aa-270x152.png 270w, https:\/\/zaracaytv.com\/wp-content\/uploads\/2026\/09\/aa.png 989w\" sizes=\"(max-width: 300px) 100vw, 300px\" \/>Un nuevo siniestro de tr\u00e1nsito se registr\u00f3 este viernes en el bypass Quito-Quevedo, en Santo Domingo. En el hecho estuvieron involucrados un taxi y una motocicleta, cuyos ocupantes resultaron heridos.<\/p>\n<p>El accidente gener\u00f3 congesti\u00f3n vehicular y llam\u00f3 la atenci\u00f3n de quienes circulaban por este tramo. Debido al impacto del choque, piezas y componentes de la motocicleta quedaron esparcidos en la v\u00eda. Seg\u00fan testigos, el siniestro se habr\u00eda producido luego de una mala maniobra del conductor del taxi. Esta versi\u00f3n deber\u00e1 ser determinada por las autoridades encargadas de investigar el hecho.<\/p>\n<p>Mientras tanto, el conductor del taxi permanece bajo custodia, a la espera de que se esclarezcan las circunstancias en las que ocurri\u00f3 el accidente. Hasta el momento, se conoce de manera extraoficial que uno de los ocupantes de la motocicleta se encuentra bajo observaci\u00f3n y en estado cr\u00edtico.<\/p>\n","protected":false},"excerpt":{"rendered":"<p>Un nuevo siniestro de tr\u00e1nsito se registr\u00f3 este viernes en el bypass Quito-Quevedo, en Santo Domingo. En el hecho estuvieron involucrados un taxi y una motocicleta, cuyos ocupantes resultaron heridos. El accidente gener\u00f3 congesti\u00f3n vehicular y llam\u00f3 la atenci\u00f3n de quienes circulaban por este tramo. Debido al impacto del choque, piezas y componentes de la [&hellip;]<\/p>\n","protected":false},"author":7,"featured_media":29100,"comment_status":"closed","ping_status":"closed","sticky":false,"template":"","format":"standard","meta":{"om_disable_all_campaigns":false,"_joinchat":[],"footnotes":""},"categories":[31],"tags":[],"class_list":["post-29095","post","type-post","status-publish","format-standard","has-post-thumbnail","hentry","category-la-region"],"_links":{"self":[{"href":"https:\/\/zaracaytv.com\/index.php?rest_route=\/wp\/v2\/posts\/29095","targetHints":{"allow":["GET"]}}],"collection":[{"href":"https:\/\/zaracaytv.com\/index.php?rest_route=\/wp\/v2\/posts"}],"about":[{"href":"https:\/\/zaracaytv.com\/index.php?rest_route=\/wp\/v2\/types\/post"}],"author":[{"embeddable":true,"href":"https:\/\/zaracaytv.com\/index.php?rest_route=\/wp\/v2\/users\/7"}],"replies":[{"embeddable":true,"href":"https:\/\/zaracaytv.com\/index.php?rest_route=%2Fwp%2Fv2%2Fcomments&post=29095"}],"version-history":[{"count":1,"href":"https:\/\/zaracaytv.com\/index.php?rest_route=\/wp\/v2\/posts\/29095\/revisions"}],"predecessor-version":[{"id":29101,"href":"https:\/\/zaracaytv.com\/index.php?rest_route=\/wp\/v2\/posts\/29095\/revisions\/29101"}],"wp:featuredmedia":[{"embeddable":true,"href":"https:\/\/zaracaytv.com\/index.php?rest_route=\/wp\/v2\/media\/29100"}],"wp:attachment":[{"href":"https:\/\/zaracaytv.com\/index.php?rest_route=%2Fwp%2Fv2%2Fmedia&parent=29095"}],"wp:term":[{"taxonomy":"category","embeddable":true,"href":"https:\/\/zaracaytv.com\/index.php?rest_route=%2Fwp%2Fv2%2Fcategories&post=29095"},{"taxonomy":"post_tag","embeddable":true,"href":"https:\/\/zaracaytv.com\/index.php?rest_route=%2Fwp%2Fv2%2Ftags&post=29095"}],"curies":[{"name":"wp","href":"https:\/\/api.w.org\/{rel}","templated":true}]}}