{"id":29089,"date":"2026-09-04T14:43:45","date_gmt":"2026-09-04T19:43:45","guid":{"rendered":"https:\/\/zaracaytv.com\/?p=29089"},"modified":"2026-09-04T14:43:45","modified_gmt":"2026-09-04T19:43:45","slug":"katherin-guato-fue-vista-por-ultima-vez-en-el-sector-del-kfc","status":"publish","type":"post","link":"https:\/\/zaracaytv.com\/?p=29089","title":{"rendered":"KATHERIN GUATO FUE VISTA POR \u00daLTIMA VEZ EN EL SECTOR DEL KFC"},"content":{"rendered":"<p><img decoding=\"async\" class=\"size-medium wp-image-29076 alignleft\" src=\"https:\/\/zaracaytv.com\/wp-content\/uploads\/2026\/09\/6-1-300x111.png\" alt=\"\" width=\"300\" height=\"111\" srcset=\"https:\/\/zaracaytv.com\/wp-content\/uploads\/2026\/09\/6-1-300x111.png 300w, https:\/\/zaracaytv.com\/wp-content\/uploads\/2026\/09\/6-1-1024x381.png 1024w, https:\/\/zaracaytv.com\/wp-content\/uploads\/2026\/09\/6-1-768x285.png 768w, https:\/\/zaracaytv.com\/wp-content\/uploads\/2026\/09\/6-1-570x212.png 570w, https:\/\/zaracaytv.com\/wp-content\/uploads\/2026\/09\/6-1-270x100.png 270w, https:\/\/zaracaytv.com\/wp-content\/uploads\/2026\/09\/6-1.png 1176w\" sizes=\"(max-width: 300px) 100vw, 300px\" \/>Ella es Katherin Mabel Guato Arteaga, de 13 a\u00f1os, quien fue vista por \u00faltima vez el pasado 1 de septiembre, en el kil\u00f3metro 5 de la v\u00eda Quito, cerca del KFC. Seg\u00fan sus familiares, la menor abord\u00f3 un bus de la cooperativa Alluriqu\u00edn, disco 12, que se dirig\u00eda hasta la parroquia. Marco Guato, su t\u00edo, entre l\u00e1grimas pide que, si alguien la ha visto, proporcione cualquier informaci\u00f3n al n\u00famero 1800 335486, habilitado para reportar casos de personas desaparecidas.<\/p>\n<p>Pantallazo: es aqu\u00ed donde fue vista por \u00faltima vez Katherine Guato, iba con una camisa negra, pantal\u00f3n Jeans y zapatos causales a abordar el bus de la cooperativa Alluriqu\u00edn, los familiares se\u00f1alaron que quisieron acceder a las c\u00e1maras de la unidad pero les informaron que no serv\u00edan.<\/p>\n<p>Marco, quien tambi\u00e9n es padrino de Katherin, pide que su peque\u00f1a sobrina retorne a casa, pues sus familiares se encuentran desesperados. \u00c9l viaj\u00f3 desde la ciudad de Quito hasta Santo Domingo para colocar afiches y colaborar en la b\u00fasqueda de la menor.<\/p>\n<p>La familia pide a quienes tengan informaci\u00f3n sobre el paradero de Katherin que colaboren con las autoridades. Los familiares ya presentaron la respectiva denuncia en la Fiscal\u00eda y mantienen la esperanza de encontrarla sana y salva. Adem\u00e1s, se\u00f1alaron que la menor sali\u00f3 de casa sin su tel\u00e9fono celular y sin llevar ropa adicional.<\/p>\n","protected":false},"excerpt":{"rendered":"<p>Ella es Katherin Mabel Guato Arteaga, de 13 a\u00f1os, quien fue vista por \u00faltima vez el pasado 1 de septiembre, en el kil\u00f3metro 5 de la v\u00eda Quito, cerca del KFC. Seg\u00fan sus familiares, la menor abord\u00f3 un bus de la cooperativa Alluriqu\u00edn, disco 12, que se dirig\u00eda hasta la parroquia. Marco Guato, su t\u00edo, [&hellip;]<\/p>\n","protected":false},"author":7,"featured_media":29076,"comment_status":"closed","ping_status":"closed","sticky":false,"template":"","format":"standard","meta":{"om_disable_all_campaigns":false,"_joinchat":[],"footnotes":""},"categories":[31],"tags":[],"class_list":["post-29089","post","type-post","status-publish","format-standard","has-post-thumbnail","hentry","category-la-region"],"_links":{"self":[{"href":"https:\/\/zaracaytv.com\/index.php?rest_route=\/wp\/v2\/posts\/29089","targetHints":{"allow":["GET"]}}],"collection":[{"href":"https:\/\/zaracaytv.com\/index.php?rest_route=\/wp\/v2\/posts"}],"about":[{"href":"https:\/\/zaracaytv.com\/index.php?rest_route=\/wp\/v2\/types\/post"}],"author":[{"embeddable":true,"href":"https:\/\/zaracaytv.com\/index.php?rest_route=\/wp\/v2\/users\/7"}],"replies":[{"embeddable":true,"href":"https:\/\/zaracaytv.com\/index.php?rest_route=%2Fwp%2Fv2%2Fcomments&post=29089"}],"version-history":[{"count":1,"href":"https:\/\/zaracaytv.com\/index.php?rest_route=\/wp\/v2\/posts\/29089\/revisions"}],"predecessor-version":[{"id":29090,"href":"https:\/\/zaracaytv.com\/index.php?rest_route=\/wp\/v2\/posts\/29089\/revisions\/29090"}],"wp:featuredmedia":[{"embeddable":true,"href":"https:\/\/zaracaytv.com\/index.php?rest_route=\/wp\/v2\/media\/29076"}],"wp:attachment":[{"href":"https:\/\/zaracaytv.com\/index.php?rest_route=%2Fwp%2Fv2%2Fmedia&parent=29089"}],"wp:term":[{"taxonomy":"category","embeddable":true,"href":"https:\/\/zaracaytv.com\/index.php?rest_route=%2Fwp%2Fv2%2Fcategories&post=29089"},{"taxonomy":"post_tag","embeddable":true,"href":"https:\/\/zaracaytv.com\/index.php?rest_route=%2Fwp%2Fv2%2Ftags&post=29089"}],"curies":[{"name":"wp","href":"https:\/\/api.w.org\/{rel}","templated":true}]}}