{"id":29085,"date":"2026-09-04T14:41:43","date_gmt":"2026-09-04T19:41:43","guid":{"rendered":"https:\/\/zaracaytv.com\/?p=29085"},"modified":"2026-09-04T14:41:43","modified_gmt":"2026-09-04T19:41:43","slug":"recorrer-la-calle-lourdes-es-viajar-al-pasado-de-loja","status":"publish","type":"post","link":"https:\/\/zaracaytv.com\/?p=29085","title":{"rendered":"RECORRER LA CALLE LOURDES ES VIAJAR AL PASADO DE LOJA"},"content":{"rendered":"<p><img decoding=\"async\" class=\"size-medium wp-image-29078 alignleft\" src=\"https:\/\/zaracaytv.com\/wp-content\/uploads\/2026\/09\/4-1-300x115.png\" alt=\"\" width=\"300\" height=\"115\" srcset=\"https:\/\/zaracaytv.com\/wp-content\/uploads\/2026\/09\/4-1-300x115.png 300w, https:\/\/zaracaytv.com\/wp-content\/uploads\/2026\/09\/4-1-1024x394.png 1024w, https:\/\/zaracaytv.com\/wp-content\/uploads\/2026\/09\/4-1-768x296.png 768w, https:\/\/zaracaytv.com\/wp-content\/uploads\/2026\/09\/4-1-570x219.png 570w, https:\/\/zaracaytv.com\/wp-content\/uploads\/2026\/09\/4-1-270x104.png 270w, https:\/\/zaracaytv.com\/wp-content\/uploads\/2026\/09\/4-1.png 1276w\" sizes=\"(max-width: 300px) 100vw, 300px\" \/>Recorrer los 100 metros de la emblem\u00e1tica calle Lourdes, en el coraz\u00f3n de Loja, es como viajar al pasado. Su arquitectura colonial, las coloridas fachadas de sus viviendas y la calidez de su gente recuerdan por qu\u00e9 la ciudad castellana se ha convertido en un referente de conservaci\u00f3n, patrimonio y turismo en la regi\u00f3n Sierra del Ecuador. Christian Vi\u00f1\u00e1n, director de la carrera de Turismo de la Universidad T\u00e9cnica Particular de Loja, destaca que esta es una de las arterias m\u00e1s vivas y representativas de la ciudad.<\/p>\n<p>En esta calle tambi\u00e9n se encuentra la emblem\u00e1tica Casa Luka, una vivienda de aproximadamente 100 a\u00f1os que la familia de Patricia Orellana ha conservado como un referente de la arquitectura lojana de anta\u00f1o. Durante nuestro recorrido conocimos cada uno de sus espacios, entre ellos el comedor, la sala, el patio y el \u00e1rea de costura. Este viaje al pasado podr\u00e1 ser vivido por propios y visitantes del 16 al 26 de noviembre, durante el Festival Internacional de Artes Vivas de Loja.<\/p>\n<p>Quienes conocen por primera vez esta casa-museo quedan sorprendidos por su arquitectura, los objetos que han sido conservados durante generaciones y la energ\u00eda que transmite cada espacio. Recorrer sus pasillos, descubrir el cuarto de oraci\u00f3n y observar su tradicional decoraci\u00f3n se convierte en una experiencia que permite conocer de cerca c\u00f3mo era la vida de otras \u00e9pocas.<\/p>\n<p>A pocos metros de este lugar se encuentra el Parque San Sebasti\u00e1n, tambi\u00e9n conocido como Parque de la Independencia, un espacio que forma parte de la historia viva de Loja y que ha sido escenario de hechos y an\u00e9cdotas que han marcado a la ciudad castellana. Y en este recorrido por su identidad tambi\u00e9n est\u00e1 presente la fe: la devoci\u00f3n de los lojanos y visitantes hacia la Virgen de El Cisne se siente en cada rinc\u00f3n, especialmente en sus iglesias, donde la tradici\u00f3n y la espiritualidad contin\u00faan formando parte de la vida de esta ciudad.<\/p>\n","protected":false},"excerpt":{"rendered":"<p>Recorrer los 100 metros de la emblem\u00e1tica calle Lourdes, en el coraz\u00f3n de Loja, es como viajar al pasado. Su arquitectura colonial, las coloridas fachadas de sus viviendas y la calidez de su gente recuerdan por qu\u00e9 la ciudad castellana se ha convertido en un referente de conservaci\u00f3n, patrimonio y turismo en la regi\u00f3n Sierra [&hellip;]<\/p>\n","protected":false},"author":7,"featured_media":29078,"comment_status":"closed","ping_status":"closed","sticky":false,"template":"","format":"standard","meta":{"om_disable_all_campaigns":false,"_joinchat":[],"footnotes":""},"categories":[31],"tags":[],"class_list":["post-29085","post","type-post","status-publish","format-standard","has-post-thumbnail","hentry","category-la-region"],"_links":{"self":[{"href":"https:\/\/zaracaytv.com\/index.php?rest_route=\/wp\/v2\/posts\/29085","targetHints":{"allow":["GET"]}}],"collection":[{"href":"https:\/\/zaracaytv.com\/index.php?rest_route=\/wp\/v2\/posts"}],"about":[{"href":"https:\/\/zaracaytv.com\/index.php?rest_route=\/wp\/v2\/types\/post"}],"author":[{"embeddable":true,"href":"https:\/\/zaracaytv.com\/index.php?rest_route=\/wp\/v2\/users\/7"}],"replies":[{"embeddable":true,"href":"https:\/\/zaracaytv.com\/index.php?rest_route=%2Fwp%2Fv2%2Fcomments&post=29085"}],"version-history":[{"count":1,"href":"https:\/\/zaracaytv.com\/index.php?rest_route=\/wp\/v2\/posts\/29085\/revisions"}],"predecessor-version":[{"id":29086,"href":"https:\/\/zaracaytv.com\/index.php?rest_route=\/wp\/v2\/posts\/29085\/revisions\/29086"}],"wp:featuredmedia":[{"embeddable":true,"href":"https:\/\/zaracaytv.com\/index.php?rest_route=\/wp\/v2\/media\/29078"}],"wp:attachment":[{"href":"https:\/\/zaracaytv.com\/index.php?rest_route=%2Fwp%2Fv2%2Fmedia&parent=29085"}],"wp:term":[{"taxonomy":"category","embeddable":true,"href":"https:\/\/zaracaytv.com\/index.php?rest_route=%2Fwp%2Fv2%2Fcategories&post=29085"},{"taxonomy":"post_tag","embeddable":true,"href":"https:\/\/zaracaytv.com\/index.php?rest_route=%2Fwp%2Fv2%2Ftags&post=29085"}],"curies":[{"name":"wp","href":"https:\/\/api.w.org\/{rel}","templated":true}]}}