{"id":29066,"date":"2026-09-03T14:42:52","date_gmt":"2026-09-03T19:42:52","guid":{"rendered":"https:\/\/zaracaytv.com\/?p=29066"},"modified":"2026-09-03T14:42:52","modified_gmt":"2026-09-03T19:42:52","slug":"la-revision-de-las-tarifas-estara-en-manos-de-las-nuevas-autoridades","status":"publish","type":"post","link":"https:\/\/zaracaytv.com\/?p=29066","title":{"rendered":"LA REVISI\u00d3N DE LAS TARIFAS ESTAR\u00c1 EN MANOS DE LAS NUEVAS AUTORIDADES"},"content":{"rendered":"<p><img decoding=\"async\" class=\"size-medium wp-image-29050 alignleft\" src=\"https:\/\/zaracaytv.com\/wp-content\/uploads\/2026\/09\/7-300x124.png\" alt=\"\" width=\"300\" height=\"124\" srcset=\"https:\/\/zaracaytv.com\/wp-content\/uploads\/2026\/09\/7-300x124.png 300w, https:\/\/zaracaytv.com\/wp-content\/uploads\/2026\/09\/7-1024x422.png 1024w, https:\/\/zaracaytv.com\/wp-content\/uploads\/2026\/09\/7-768x316.png 768w, https:\/\/zaracaytv.com\/wp-content\/uploads\/2026\/09\/7-570x235.png 570w, https:\/\/zaracaytv.com\/wp-content\/uploads\/2026\/09\/7-270x111.png 270w, https:\/\/zaracaytv.com\/wp-content\/uploads\/2026\/09\/7.png 1258w\" sizes=\"(max-width: 300px) 100vw, 300px\" \/>La revisi\u00f3n de las tarifas del transporte urbano y una posible compensaci\u00f3n para los transportistas de buses ser\u00e1n temas de debate en el Concejo Municipal de Santo Domingo, especialmente con la llegada de la nueva administraci\u00f3n. El concejal Mario Pazmi\u00f1o se\u00f1al\u00f3 que este asunto es competencia del \u00e1mbito local, una vez que el Gobierno defini\u00f3 la situaci\u00f3n de la transportaci\u00f3n interprovincial.<\/p>\n<p>La alcaldesa Clara Hinojosa mencion\u00f3 que tambi\u00e9n deber\u00e1n tomar decisiones respecto a los dispositivos de control, pero antes esperan conocer los informes que remita la Empresa P\u00fablica Municipal de Transporte. Mientras tanto, la concejal Diana Saltos explic\u00f3 que las decisiones deben adoptarse de manera responsable, debido a que se trata de un tema de debate local que genera posiciones divididas.<\/p>\n<p>Saltos a\u00f1adi\u00f3 que tambi\u00e9n es necesario legislar sobre los vac\u00edos legales existentes para evitar posibles abusos y garantizar una adecuada aplicaci\u00f3n de las normas relacionadas con el transporte y los sistemas de control.<\/p>\n<p>Cabe recordar que en enero de 2025 la Agencia Nacional de Tr\u00e1nsito (ANT) suspendi\u00f3 los radares instalados en las v\u00edas estatales del pa\u00eds. Sin embargo, las c\u00e1maras de fotomultas contin\u00faan generando sanciones, al igual que los dispositivos instalados en m\u00e1s de 40 puntos de la ciudad.<\/p>\n","protected":false},"excerpt":{"rendered":"<p>La revisi\u00f3n de las tarifas del transporte urbano y una posible compensaci\u00f3n para los transportistas de buses ser\u00e1n temas de debate en el Concejo Municipal de Santo Domingo, especialmente con la llegada de la nueva administraci\u00f3n. El concejal Mario Pazmi\u00f1o se\u00f1al\u00f3 que este asunto es competencia del \u00e1mbito local, una vez que el Gobierno defini\u00f3 [&hellip;]<\/p>\n","protected":false},"author":7,"featured_media":29050,"comment_status":"closed","ping_status":"closed","sticky":false,"template":"","format":"standard","meta":{"om_disable_all_campaigns":false,"_joinchat":[],"footnotes":""},"categories":[31],"tags":[],"class_list":["post-29066","post","type-post","status-publish","format-standard","has-post-thumbnail","hentry","category-la-region"],"_links":{"self":[{"href":"https:\/\/zaracaytv.com\/index.php?rest_route=\/wp\/v2\/posts\/29066","targetHints":{"allow":["GET"]}}],"collection":[{"href":"https:\/\/zaracaytv.com\/index.php?rest_route=\/wp\/v2\/posts"}],"about":[{"href":"https:\/\/zaracaytv.com\/index.php?rest_route=\/wp\/v2\/types\/post"}],"author":[{"embeddable":true,"href":"https:\/\/zaracaytv.com\/index.php?rest_route=\/wp\/v2\/users\/7"}],"replies":[{"embeddable":true,"href":"https:\/\/zaracaytv.com\/index.php?rest_route=%2Fwp%2Fv2%2Fcomments&post=29066"}],"version-history":[{"count":1,"href":"https:\/\/zaracaytv.com\/index.php?rest_route=\/wp\/v2\/posts\/29066\/revisions"}],"predecessor-version":[{"id":29067,"href":"https:\/\/zaracaytv.com\/index.php?rest_route=\/wp\/v2\/posts\/29066\/revisions\/29067"}],"wp:featuredmedia":[{"embeddable":true,"href":"https:\/\/zaracaytv.com\/index.php?rest_route=\/wp\/v2\/media\/29050"}],"wp:attachment":[{"href":"https:\/\/zaracaytv.com\/index.php?rest_route=%2Fwp%2Fv2%2Fmedia&parent=29066"}],"wp:term":[{"taxonomy":"category","embeddable":true,"href":"https:\/\/zaracaytv.com\/index.php?rest_route=%2Fwp%2Fv2%2Fcategories&post=29066"},{"taxonomy":"post_tag","embeddable":true,"href":"https:\/\/zaracaytv.com\/index.php?rest_route=%2Fwp%2Fv2%2Ftags&post=29066"}],"curies":[{"name":"wp","href":"https:\/\/api.w.org\/{rel}","templated":true}]}}