{"id":29064,"date":"2026-09-03T14:41:36","date_gmt":"2026-09-03T19:41:36","guid":{"rendered":"https:\/\/zaracaytv.com\/?p=29064"},"modified":"2026-09-03T14:41:36","modified_gmt":"2026-09-03T19:41:36","slug":"los-participantes-exhibieron-sus-productos-y-servicios","status":"publish","type":"post","link":"https:\/\/zaracaytv.com\/?p=29064","title":{"rendered":"LOS PARTICIPANTES EXHIBIERON SUS PRODUCTOS Y SERVICIOS"},"content":{"rendered":"<p><img decoding=\"async\" class=\"size-medium wp-image-29051 alignleft\" src=\"https:\/\/zaracaytv.com\/wp-content\/uploads\/2026\/09\/6-300x126.png\" alt=\"\" width=\"300\" height=\"126\" srcset=\"https:\/\/zaracaytv.com\/wp-content\/uploads\/2026\/09\/6-300x126.png 300w, https:\/\/zaracaytv.com\/wp-content\/uploads\/2026\/09\/6-1024x429.png 1024w, https:\/\/zaracaytv.com\/wp-content\/uploads\/2026\/09\/6-768x322.png 768w, https:\/\/zaracaytv.com\/wp-content\/uploads\/2026\/09\/6-570x239.png 570w, https:\/\/zaracaytv.com\/wp-content\/uploads\/2026\/09\/6-270x113.png 270w, https:\/\/zaracaytv.com\/wp-content\/uploads\/2026\/09\/6-556x234.png 556w, https:\/\/zaracaytv.com\/wp-content\/uploads\/2026\/09\/6.png 1182w\" sizes=\"(max-width: 300px) 100vw, 300px\" \/>Este jueves 3 de septiembre, el Parque Central se convirti\u00f3 en un punto de encuentro para el emprendimiento y la creatividad con la feria \u201cSue\u00f1a, Cree y Emprende\u201d, organizada por la Misi\u00f3n Scalabriniana. La jornada permiti\u00f3 que varios participantes exhibieran sus productos y servicios, adem\u00e1s de generar nuevas oportunidades para obtener ingresos.<\/p>\n<p>Desde la organizaci\u00f3n destacaron que estos espacios forman parte del proceso de formaci\u00f3n que impulsa la Misi\u00f3n Scalabriniana, mediante el cual los participantes reciben herramientas y acompa\u00f1amiento para fortalecer sus capacidades. La feria busca que estos conocimientos puedan traducirse en oportunidades concretas para mejorar su econom\u00eda y fortalecer sus emprendimientos.<\/p>\n<p>Para los emprendedores, la experiencia fue recibida con entusiasmo. Coincidieron en que contar con un espacio para mostrar lo que hacen, acercarse a potenciales clientes y dar a conocer sus productos representa una oportunidad para seguir creciendo y avanzar con sus iniciativas.<\/p>\n<p>La feria evidenci\u00f3 as\u00ed que la capacitaci\u00f3n puede abrir nuevas oportunidades cuando se complementa con espacios de promoci\u00f3n y comercializaci\u00f3n. La Misi\u00f3n Scalabriniana busca continuar acompa\u00f1ando a quienes deciden emprender, fortaleciendo sus capacidades para que puedan convertir sus ideas en alternativas de desarrollo econ\u00f3mico.<\/p>\n","protected":false},"excerpt":{"rendered":"<p>Este jueves 3 de septiembre, el Parque Central se convirti\u00f3 en un punto de encuentro para el emprendimiento y la creatividad con la feria \u201cSue\u00f1a, Cree y Emprende\u201d, organizada por la Misi\u00f3n Scalabriniana. La jornada permiti\u00f3 que varios participantes exhibieran sus productos y servicios, adem\u00e1s de generar nuevas oportunidades para obtener ingresos. Desde la organizaci\u00f3n [&hellip;]<\/p>\n","protected":false},"author":7,"featured_media":29051,"comment_status":"closed","ping_status":"closed","sticky":false,"template":"","format":"standard","meta":{"om_disable_all_campaigns":false,"_joinchat":[],"footnotes":""},"categories":[31],"tags":[],"class_list":["post-29064","post","type-post","status-publish","format-standard","has-post-thumbnail","hentry","category-la-region"],"_links":{"self":[{"href":"https:\/\/zaracaytv.com\/index.php?rest_route=\/wp\/v2\/posts\/29064","targetHints":{"allow":["GET"]}}],"collection":[{"href":"https:\/\/zaracaytv.com\/index.php?rest_route=\/wp\/v2\/posts"}],"about":[{"href":"https:\/\/zaracaytv.com\/index.php?rest_route=\/wp\/v2\/types\/post"}],"author":[{"embeddable":true,"href":"https:\/\/zaracaytv.com\/index.php?rest_route=\/wp\/v2\/users\/7"}],"replies":[{"embeddable":true,"href":"https:\/\/zaracaytv.com\/index.php?rest_route=%2Fwp%2Fv2%2Fcomments&post=29064"}],"version-history":[{"count":1,"href":"https:\/\/zaracaytv.com\/index.php?rest_route=\/wp\/v2\/posts\/29064\/revisions"}],"predecessor-version":[{"id":29065,"href":"https:\/\/zaracaytv.com\/index.php?rest_route=\/wp\/v2\/posts\/29064\/revisions\/29065"}],"wp:featuredmedia":[{"embeddable":true,"href":"https:\/\/zaracaytv.com\/index.php?rest_route=\/wp\/v2\/media\/29051"}],"wp:attachment":[{"href":"https:\/\/zaracaytv.com\/index.php?rest_route=%2Fwp%2Fv2%2Fmedia&parent=29064"}],"wp:term":[{"taxonomy":"category","embeddable":true,"href":"https:\/\/zaracaytv.com\/index.php?rest_route=%2Fwp%2Fv2%2Fcategories&post=29064"},{"taxonomy":"post_tag","embeddable":true,"href":"https:\/\/zaracaytv.com\/index.php?rest_route=%2Fwp%2Fv2%2Ftags&post=29064"}],"curies":[{"name":"wp","href":"https:\/\/api.w.org\/{rel}","templated":true}]}}