{"id":29060,"date":"2026-09-03T14:39:44","date_gmt":"2026-09-03T19:39:44","guid":{"rendered":"https:\/\/zaracaytv.com\/?p=29060"},"modified":"2026-09-03T14:39:44","modified_gmt":"2026-09-03T19:39:44","slug":"las-ventas-en-la-peatonal-se-han-reducido-en-un-30","status":"publish","type":"post","link":"https:\/\/zaracaytv.com\/?p=29060","title":{"rendered":"LAS VENTAS EN LA PEATONAL SE HAN REDUCIDO EN UN 30%"},"content":{"rendered":"<p><img decoding=\"async\" class=\"size-medium wp-image-29055 alignleft\" src=\"https:\/\/zaracaytv.com\/wp-content\/uploads\/2026\/09\/2-300x103.png\" alt=\"\" width=\"300\" height=\"103\" srcset=\"https:\/\/zaracaytv.com\/wp-content\/uploads\/2026\/09\/2-300x103.png 300w, https:\/\/zaracaytv.com\/wp-content\/uploads\/2026\/09\/2-1024x353.png 1024w, https:\/\/zaracaytv.com\/wp-content\/uploads\/2026\/09\/2-768x265.png 768w, https:\/\/zaracaytv.com\/wp-content\/uploads\/2026\/09\/2-570x196.png 570w, https:\/\/zaracaytv.com\/wp-content\/uploads\/2026\/09\/2-270x93.png 270w, https:\/\/zaracaytv.com\/wp-content\/uploads\/2026\/09\/2-1200x415.png 1200w, https:\/\/zaracaytv.com\/wp-content\/uploads\/2026\/09\/2.png 1204w\" sizes=\"(max-width: 300px) 100vw, 300px\" \/>Las expectativas de los comerciantes de la Peatonal 3 de Julio son altas de cara a las festividades de Navidad y Fin de A\u00f1o. Aseguran que durante los \u00faltimos meses las ventas han disminuido hasta en un 30 %, situaci\u00f3n que genera preocupaci\u00f3n por el pago de arriendos, patentes, servicios b\u00e1sicos y otras obligaciones que deben cumplir.<\/p>\n<p>V\u00edctor Baque, expresidente de la Federaci\u00f3n de Comerciantes de la Peatonal 3 de Julio, se\u00f1al\u00f3 que la falta de controles por parte de las autoridades ha generado una competencia desleal, lo que, seg\u00fan afirma, ha reducido las ventas de varios propietarios de negocios.<\/p>\n<p>Los comerciantes reconocen que la inseguridad ha disminuido en el sector, pero consideran necesario mantener una presencia policial constante. Explican que los operativos preventivos son fundamentales para generar confianza entre los clientes y fortalecer la actividad comercial.<\/p>\n<p>Por otro lado, los propietarios de los negocios descartan que este a\u00f1o se concrete el traslado de los comerciantes hacia la nueva Plaza Comercial. Se\u00f1alan que el proyecto a\u00fan no ha concluido y que se requieren nuevas jornadas de socializaci\u00f3n sobre la obra que se construye entre las avenidas H\u00e9ctor Aguavil y Rodrigo Le\u00f3n Pesantez.<\/p>\n","protected":false},"excerpt":{"rendered":"<p>Las expectativas de los comerciantes de la Peatonal 3 de Julio son altas de cara a las festividades de Navidad y Fin de A\u00f1o. Aseguran que durante los \u00faltimos meses las ventas han disminuido hasta en un 30 %, situaci\u00f3n que genera preocupaci\u00f3n por el pago de arriendos, patentes, servicios b\u00e1sicos y otras obligaciones que [&hellip;]<\/p>\n","protected":false},"author":7,"featured_media":29055,"comment_status":"closed","ping_status":"closed","sticky":false,"template":"","format":"standard","meta":{"om_disable_all_campaigns":false,"_joinchat":[],"footnotes":""},"categories":[31],"tags":[],"class_list":["post-29060","post","type-post","status-publish","format-standard","has-post-thumbnail","hentry","category-la-region"],"_links":{"self":[{"href":"https:\/\/zaracaytv.com\/index.php?rest_route=\/wp\/v2\/posts\/29060","targetHints":{"allow":["GET"]}}],"collection":[{"href":"https:\/\/zaracaytv.com\/index.php?rest_route=\/wp\/v2\/posts"}],"about":[{"href":"https:\/\/zaracaytv.com\/index.php?rest_route=\/wp\/v2\/types\/post"}],"author":[{"embeddable":true,"href":"https:\/\/zaracaytv.com\/index.php?rest_route=\/wp\/v2\/users\/7"}],"replies":[{"embeddable":true,"href":"https:\/\/zaracaytv.com\/index.php?rest_route=%2Fwp%2Fv2%2Fcomments&post=29060"}],"version-history":[{"count":1,"href":"https:\/\/zaracaytv.com\/index.php?rest_route=\/wp\/v2\/posts\/29060\/revisions"}],"predecessor-version":[{"id":29061,"href":"https:\/\/zaracaytv.com\/index.php?rest_route=\/wp\/v2\/posts\/29060\/revisions\/29061"}],"wp:featuredmedia":[{"embeddable":true,"href":"https:\/\/zaracaytv.com\/index.php?rest_route=\/wp\/v2\/media\/29055"}],"wp:attachment":[{"href":"https:\/\/zaracaytv.com\/index.php?rest_route=%2Fwp%2Fv2%2Fmedia&parent=29060"}],"wp:term":[{"taxonomy":"category","embeddable":true,"href":"https:\/\/zaracaytv.com\/index.php?rest_route=%2Fwp%2Fv2%2Fcategories&post=29060"},{"taxonomy":"post_tag","embeddable":true,"href":"https:\/\/zaracaytv.com\/index.php?rest_route=%2Fwp%2Fv2%2Ftags&post=29060"}],"curies":[{"name":"wp","href":"https:\/\/api.w.org\/{rel}","templated":true}]}}