{"id":29038,"date":"2026-09-02T17:37:38","date_gmt":"2026-09-02T22:37:38","guid":{"rendered":"https:\/\/zaracaytv.com\/?p=29038"},"modified":"2026-09-02T17:37:38","modified_gmt":"2026-09-02T22:37:38","slug":"el-fenomeno-de-el-nino-podria-afectar-el-suministro-de-energia","status":"publish","type":"post","link":"https:\/\/zaracaytv.com\/?p=29038","title":{"rendered":"EL FEN\u00d3MENO DE EL NI\u00d1O PODR\u00cdA AFECTAR EL SUMINISTRO DE ENERG\u00cdA"},"content":{"rendered":"<p><img decoding=\"async\" class=\"size-medium wp-image-29035 alignleft\" src=\"https:\/\/zaracaytv.com\/wp-content\/uploads\/2026\/09\/thhtrht-300x142.png\" alt=\"\" width=\"300\" height=\"142\" srcset=\"https:\/\/zaracaytv.com\/wp-content\/uploads\/2026\/09\/thhtrht-300x142.png 300w, https:\/\/zaracaytv.com\/wp-content\/uploads\/2026\/09\/thhtrht-1024x484.png 1024w, https:\/\/zaracaytv.com\/wp-content\/uploads\/2026\/09\/thhtrht-768x363.png 768w, https:\/\/zaracaytv.com\/wp-content\/uploads\/2026\/09\/thhtrht-570x269.png 570w, https:\/\/zaracaytv.com\/wp-content\/uploads\/2026\/09\/thhtrht-270x128.png 270w, https:\/\/zaracaytv.com\/wp-content\/uploads\/2026\/09\/thhtrht.png 1189w\" sizes=\"(max-width: 300px) 100vw, 300px\" \/>Frente a la llegada del fen\u00f3meno de El Ni\u00f1o, los expertos en materia el\u00e9ctrica expresan su preocupaci\u00f3n ante la falta de un plan claro para enfrentar posibles afectaciones. Actualmente, el pa\u00eds se encuentra en alerta roja y registra un d\u00e9ficit superior a los 1.000 megavatios. Los especialistas Cristian Laverde y Marco Acu\u00f1a coinciden en que la situaci\u00f3n responde, entre otros factores, a la falta de incorporaci\u00f3n de nueva generaci\u00f3n el\u00e9ctrica y a la ausencia de una ejecuci\u00f3n efectiva de un plan maestro para atender la crisis.<\/p>\n<p>Los expertos consideran que la demanda contin\u00faa creciendo y que el estiaje en algunas zonas podr\u00eda complicar a\u00fan m\u00e1s el panorama, especialmente por la falta de acciones adoptadas durante los \u00faltimos gobiernos. Advierten que esta dependencia de la generaci\u00f3n hidroel\u00e9ctrica incrementa la vulnerabilidad del sistema ante per\u00edodos de menor disponibilidad de agua.<\/p>\n<p>En contraste, los comerciantes dedicados a la venta de generadores el\u00e9ctricos, focos recargables y linternas mantienen altas expectativas para esta temporada. Se\u00f1alan que, como medida de prevenci\u00f3n ante posibles cortes, los ciudadanos han empezado a adquirir estos productos y esperan que su comercializaci\u00f3n aumente.<\/p>\n<p>Actualmente, la demanda el\u00e9ctrica del pa\u00eds supera los 5.400 megavatios, una cifra que contin\u00faa creciendo mientras no se concretan alternativas suficientes para cubrir el consumo. Ante este escenario, los expertos advierten que los racionamientos programados podr\u00edan volver hacia finales del a\u00f1o si no se adoptan medidas oportunas para fortalecer la generaci\u00f3n y garantizar el suministro el\u00e9ctrico.<\/p>\n","protected":false},"excerpt":{"rendered":"<p>Frente a la llegada del fen\u00f3meno de El Ni\u00f1o, los expertos en materia el\u00e9ctrica expresan su preocupaci\u00f3n ante la falta de un plan claro para enfrentar posibles afectaciones. Actualmente, el pa\u00eds se encuentra en alerta roja y registra un d\u00e9ficit superior a los 1.000 megavatios. Los especialistas Cristian Laverde y Marco Acu\u00f1a coinciden en que [&hellip;]<\/p>\n","protected":false},"author":7,"featured_media":29035,"comment_status":"closed","ping_status":"closed","sticky":false,"template":"","format":"standard","meta":{"om_disable_all_campaigns":false,"_joinchat":[],"footnotes":""},"categories":[31],"tags":[],"class_list":["post-29038","post","type-post","status-publish","format-standard","has-post-thumbnail","hentry","category-la-region"],"_links":{"self":[{"href":"https:\/\/zaracaytv.com\/index.php?rest_route=\/wp\/v2\/posts\/29038","targetHints":{"allow":["GET"]}}],"collection":[{"href":"https:\/\/zaracaytv.com\/index.php?rest_route=\/wp\/v2\/posts"}],"about":[{"href":"https:\/\/zaracaytv.com\/index.php?rest_route=\/wp\/v2\/types\/post"}],"author":[{"embeddable":true,"href":"https:\/\/zaracaytv.com\/index.php?rest_route=\/wp\/v2\/users\/7"}],"replies":[{"embeddable":true,"href":"https:\/\/zaracaytv.com\/index.php?rest_route=%2Fwp%2Fv2%2Fcomments&post=29038"}],"version-history":[{"count":1,"href":"https:\/\/zaracaytv.com\/index.php?rest_route=\/wp\/v2\/posts\/29038\/revisions"}],"predecessor-version":[{"id":29039,"href":"https:\/\/zaracaytv.com\/index.php?rest_route=\/wp\/v2\/posts\/29038\/revisions\/29039"}],"wp:featuredmedia":[{"embeddable":true,"href":"https:\/\/zaracaytv.com\/index.php?rest_route=\/wp\/v2\/media\/29035"}],"wp:attachment":[{"href":"https:\/\/zaracaytv.com\/index.php?rest_route=%2Fwp%2Fv2%2Fmedia&parent=29038"}],"wp:term":[{"taxonomy":"category","embeddable":true,"href":"https:\/\/zaracaytv.com\/index.php?rest_route=%2Fwp%2Fv2%2Fcategories&post=29038"},{"taxonomy":"post_tag","embeddable":true,"href":"https:\/\/zaracaytv.com\/index.php?rest_route=%2Fwp%2Fv2%2Ftags&post=29038"}],"curies":[{"name":"wp","href":"https:\/\/api.w.org\/{rel}","templated":true}]}}