{"id":29030,"date":"2026-09-02T17:36:58","date_gmt":"2026-09-02T22:36:58","guid":{"rendered":"https:\/\/zaracaytv.com\/?p=29030"},"modified":"2026-09-02T17:36:58","modified_gmt":"2026-09-02T22:36:58","slug":"anuncian-acciones-para-fortalecer-la-seguridad-y-atencion-educativa","status":"publish","type":"post","link":"https:\/\/zaracaytv.com\/?p=29030","title":{"rendered":"ANUNCIAN ACCIONES PARA FORTALECER LA SEGURIDAD Y ATENCI\u00d3N EDUCATIVA"},"content":{"rendered":"<p><img decoding=\"async\" class=\"size-medium wp-image-29036 alignleft\" src=\"https:\/\/zaracaytv.com\/wp-content\/uploads\/2026\/09\/vgdfgdfgdf-300x116.png\" alt=\"\" width=\"300\" height=\"116\" srcset=\"https:\/\/zaracaytv.com\/wp-content\/uploads\/2026\/09\/vgdfgdfgdf-300x116.png 300w, https:\/\/zaracaytv.com\/wp-content\/uploads\/2026\/09\/vgdfgdfgdf-1024x398.png 1024w, https:\/\/zaracaytv.com\/wp-content\/uploads\/2026\/09\/vgdfgdfgdf-768x298.png 768w, https:\/\/zaracaytv.com\/wp-content\/uploads\/2026\/09\/vgdfgdfgdf-570x221.png 570w, https:\/\/zaracaytv.com\/wp-content\/uploads\/2026\/09\/vgdfgdfgdf-270x105.png 270w, https:\/\/zaracaytv.com\/wp-content\/uploads\/2026\/09\/vgdfgdfgdf.png 1288w\" sizes=\"(max-width: 300px) 100vw, 300px\" \/>Las autoridades educativas y de seguridad presentaron este mi\u00e9rcoles 2 de septiembre las acciones que se ejecutan en Santo Domingo de los Ts\u00e1chilas para fortalecer la atenci\u00f3n a los estudiantes y preparar a las unidades educativas ante posibles escenarios de emergencia. Los anuncios fueron realizados durante una mesa de trabajo a la que fueron invitados medios de comunicaci\u00f3n. En materia de infraestructura y equipamiento, Diego V\u00e9lez, coordinador Zonal 4 de Educaci\u00f3n, inform\u00f3 que durante 2026 se destinar\u00e1n 636 mil d\u00f3lares para la entrega de mobiliario escolar. La inversi\u00f3n contempla 64 unidades educativas y beneficiar\u00e1 aproximadamente a 18 mil estudiantes.<\/p>\n<p>La alimentaci\u00f3n escolar tambi\u00e9n forma parte de las acciones anunciadas. Para octubre est\u00e1 prevista la implementaci\u00f3n, en la unidad educativa Kasama, de un programa del Plan Mundial de Alimentos, con una inversi\u00f3n de 35 mil d\u00f3lares. La iniciativa contempla la entrega diaria de alimentos y, de concretarse, convertir\u00eda a Kasama en la unidad educativa m\u00e1s grande del pa\u00eds en contar con este programa.<\/p>\n<p>En seguridad, se inform\u00f3 sobre la aplicaci\u00f3n del Plan Escudo, establecido mediante un reciente acuerdo ministerial y que articula al Ministerio de Educaci\u00f3n, Ministerio del Interior.<\/p>\n<p>Tras los recientes hechos registrados en los alrededores de una unidad educativa, las autoridades se\u00f1alaron que la estrategia Escuelas Seguras se mantiene activa en la provincia, con acciones preventivas coordinadas con el bloque de seguridad, precis\u00f3 el Gobernador de la provincia, Miguel Quezada.<\/p>\n<p>A esto se suma la preparaci\u00f3n ante el fen\u00f3meno de El Ni\u00f1o. Educaci\u00f3n mantiene la articulaci\u00f3n con los COE, identifica planteles ubicados en zonas de riesgo y contempla kits b\u00e1sicos para responder ante posibles emergencias, puntualiz\u00f3 Cindy Esp\u00edn, directora Distrital de Educaci\u00f3n.<\/p>\n<p>Seg\u00fan la Direcci\u00f3n Distrital 23D01, actualmente no se registran alertas considerables en la infraestructura de las unidades educativas de Santo Domingo frente a posibles afectaciones por el fen\u00f3meno de El Ni\u00f1o.<\/p>\n","protected":false},"excerpt":{"rendered":"<p>Las autoridades educativas y de seguridad presentaron este mi\u00e9rcoles 2 de septiembre las acciones que se ejecutan en Santo Domingo de los Ts\u00e1chilas para fortalecer la atenci\u00f3n a los estudiantes y preparar a las unidades educativas ante posibles escenarios de emergencia. Los anuncios fueron realizados durante una mesa de trabajo a la que fueron invitados [&hellip;]<\/p>\n","protected":false},"author":7,"featured_media":29036,"comment_status":"closed","ping_status":"closed","sticky":false,"template":"","format":"standard","meta":{"om_disable_all_campaigns":false,"_joinchat":[],"footnotes":""},"categories":[31],"tags":[],"class_list":["post-29030","post","type-post","status-publish","format-standard","has-post-thumbnail","hentry","category-la-region"],"_links":{"self":[{"href":"https:\/\/zaracaytv.com\/index.php?rest_route=\/wp\/v2\/posts\/29030","targetHints":{"allow":["GET"]}}],"collection":[{"href":"https:\/\/zaracaytv.com\/index.php?rest_route=\/wp\/v2\/posts"}],"about":[{"href":"https:\/\/zaracaytv.com\/index.php?rest_route=\/wp\/v2\/types\/post"}],"author":[{"embeddable":true,"href":"https:\/\/zaracaytv.com\/index.php?rest_route=\/wp\/v2\/users\/7"}],"replies":[{"embeddable":true,"href":"https:\/\/zaracaytv.com\/index.php?rest_route=%2Fwp%2Fv2%2Fcomments&post=29030"}],"version-history":[{"count":1,"href":"https:\/\/zaracaytv.com\/index.php?rest_route=\/wp\/v2\/posts\/29030\/revisions"}],"predecessor-version":[{"id":29037,"href":"https:\/\/zaracaytv.com\/index.php?rest_route=\/wp\/v2\/posts\/29030\/revisions\/29037"}],"wp:featuredmedia":[{"embeddable":true,"href":"https:\/\/zaracaytv.com\/index.php?rest_route=\/wp\/v2\/media\/29036"}],"wp:attachment":[{"href":"https:\/\/zaracaytv.com\/index.php?rest_route=%2Fwp%2Fv2%2Fmedia&parent=29030"}],"wp:term":[{"taxonomy":"category","embeddable":true,"href":"https:\/\/zaracaytv.com\/index.php?rest_route=%2Fwp%2Fv2%2Fcategories&post=29030"},{"taxonomy":"post_tag","embeddable":true,"href":"https:\/\/zaracaytv.com\/index.php?rest_route=%2Fwp%2Fv2%2Ftags&post=29030"}],"curies":[{"name":"wp","href":"https:\/\/api.w.org\/{rel}","templated":true}]}}