{"id":29028,"date":"2026-09-02T12:04:50","date_gmt":"2026-09-02T17:04:50","guid":{"rendered":"https:\/\/zaracaytv.com\/?p=29028"},"modified":"2026-09-02T12:04:50","modified_gmt":"2026-09-02T17:04:50","slug":"se-restringio-el-ingreso-de-agua-a-la-carcel-de-bellavista","status":"publish","type":"post","link":"https:\/\/zaracaytv.com\/?p=29028","title":{"rendered":"SE RESTRINGI\u00d3 EL INGRESO DE AGUA A LA C\u00c1RCEL DE BELLAVISTA"},"content":{"rendered":"<p><img decoding=\"async\" class=\"size-medium wp-image-29022 alignleft\" src=\"https:\/\/zaracaytv.com\/wp-content\/uploads\/2026\/09\/jjhhjjgf-300x130.png\" alt=\"\" width=\"300\" height=\"130\" srcset=\"https:\/\/zaracaytv.com\/wp-content\/uploads\/2026\/09\/jjhhjjgf-300x130.png 300w, https:\/\/zaracaytv.com\/wp-content\/uploads\/2026\/09\/jjhhjjgf-1024x444.png 1024w, https:\/\/zaracaytv.com\/wp-content\/uploads\/2026\/09\/jjhhjjgf-768x333.png 768w, https:\/\/zaracaytv.com\/wp-content\/uploads\/2026\/09\/jjhhjjgf-570x247.png 570w, https:\/\/zaracaytv.com\/wp-content\/uploads\/2026\/09\/jjhhjjgf-270x117.png 270w, https:\/\/zaracaytv.com\/wp-content\/uploads\/2026\/09\/jjhhjjgf.png 1303w\" sizes=\"(max-width: 300px) 100vw, 300px\" \/>Este 1 de septiembre, familiares de las personas privadas de libertad que cumplen condena en el Centro de Privaci\u00f3n de Libertad Bellavista, en Santo Domingo de los Ts\u00e1chilas, expresaron su malestar luego de que se les impidiera ingresar agua para sus allegados. Seg\u00fan informaron, la disposici\u00f3n habr\u00eda sido tomada por el director del centro penitenciario. Los familiares aseguran que la medida genera preocupaci\u00f3n por la salud de los internos, debido a que consideran que la calidad del agua disponible en la instituci\u00f3n no ser\u00eda adecuada.<\/p>\n<p>A esta situaci\u00f3n se suma el costo de los productos que se comercializan en el economato del centro carcelario. Los familiares se\u00f1alan que muchos no cuentan con los recursos suficientes para depositar las cantidades de dinero solicitadas para adquirir productos dentro del reclusorio. Tambi\u00e9n indicaron que intentaron dialogar con el director, pero no fueron atendidos.<\/p>\n<p>Otro de los reclamos est\u00e1 relacionado con la atenci\u00f3n m\u00e9dica. Los familiares aseguran que varios internos presentan problemas de salud y cuestionan que la asistencia m\u00e9dica no se brinde de manera oportuna.<\/p>\n<p>Se busc\u00f3 obtener una versi\u00f3n del nuevo director del centro penitenciario sobre estos reclamos, pero hasta el cierre de esta emisi\u00f3n no se obtuvo respuesta. Los familiares, sin embargo, se\u00f1alaron que las visitas se mantienen con una frecuencia de una vez al mes.<\/p>\n","protected":false},"excerpt":{"rendered":"<p>Este 1 de septiembre, familiares de las personas privadas de libertad que cumplen condena en el Centro de Privaci\u00f3n de Libertad Bellavista, en Santo Domingo de los Ts\u00e1chilas, expresaron su malestar luego de que se les impidiera ingresar agua para sus allegados. Seg\u00fan informaron, la disposici\u00f3n habr\u00eda sido tomada por el director del centro penitenciario. [&hellip;]<\/p>\n","protected":false},"author":7,"featured_media":29022,"comment_status":"closed","ping_status":"closed","sticky":false,"template":"","format":"standard","meta":{"om_disable_all_campaigns":false,"_joinchat":[],"footnotes":""},"categories":[31],"tags":[],"class_list":["post-29028","post","type-post","status-publish","format-standard","has-post-thumbnail","hentry","category-la-region"],"_links":{"self":[{"href":"https:\/\/zaracaytv.com\/index.php?rest_route=\/wp\/v2\/posts\/29028","targetHints":{"allow":["GET"]}}],"collection":[{"href":"https:\/\/zaracaytv.com\/index.php?rest_route=\/wp\/v2\/posts"}],"about":[{"href":"https:\/\/zaracaytv.com\/index.php?rest_route=\/wp\/v2\/types\/post"}],"author":[{"embeddable":true,"href":"https:\/\/zaracaytv.com\/index.php?rest_route=\/wp\/v2\/users\/7"}],"replies":[{"embeddable":true,"href":"https:\/\/zaracaytv.com\/index.php?rest_route=%2Fwp%2Fv2%2Fcomments&post=29028"}],"version-history":[{"count":1,"href":"https:\/\/zaracaytv.com\/index.php?rest_route=\/wp\/v2\/posts\/29028\/revisions"}],"predecessor-version":[{"id":29029,"href":"https:\/\/zaracaytv.com\/index.php?rest_route=\/wp\/v2\/posts\/29028\/revisions\/29029"}],"wp:featuredmedia":[{"embeddable":true,"href":"https:\/\/zaracaytv.com\/index.php?rest_route=\/wp\/v2\/media\/29022"}],"wp:attachment":[{"href":"https:\/\/zaracaytv.com\/index.php?rest_route=%2Fwp%2Fv2%2Fmedia&parent=29028"}],"wp:term":[{"taxonomy":"category","embeddable":true,"href":"https:\/\/zaracaytv.com\/index.php?rest_route=%2Fwp%2Fv2%2Fcategories&post=29028"},{"taxonomy":"post_tag","embeddable":true,"href":"https:\/\/zaracaytv.com\/index.php?rest_route=%2Fwp%2Fv2%2Ftags&post=29028"}],"curies":[{"name":"wp","href":"https:\/\/api.w.org\/{rel}","templated":true}]}}