{"id":29016,"date":"2026-09-01T17:52:58","date_gmt":"2026-09-01T22:52:58","guid":{"rendered":"https:\/\/zaracaytv.com\/?p=29016"},"modified":"2026-09-01T17:52:58","modified_gmt":"2026-09-01T22:52:58","slug":"se-analizaron-acciones-frente-a-los-problemas-del-territorio","status":"publish","type":"post","link":"https:\/\/zaracaytv.com\/?p=29016","title":{"rendered":"SE ANALIZARON ACCIONES FRENTE A LOS PROBLEMAS DEL TERRITORIO"},"content":{"rendered":"<p><img decoding=\"async\" class=\"size-medium wp-image-29010 alignleft\" src=\"https:\/\/zaracaytv.com\/wp-content\/uploads\/2026\/09\/bhtghtghth-300x119.png\" alt=\"\" width=\"300\" height=\"119\" srcset=\"https:\/\/zaracaytv.com\/wp-content\/uploads\/2026\/09\/bhtghtghth-300x119.png 300w, https:\/\/zaracaytv.com\/wp-content\/uploads\/2026\/09\/bhtghtghth-1024x405.png 1024w, https:\/\/zaracaytv.com\/wp-content\/uploads\/2026\/09\/bhtghtghth-768x304.png 768w, https:\/\/zaracaytv.com\/wp-content\/uploads\/2026\/09\/bhtghtghth-570x225.png 570w, https:\/\/zaracaytv.com\/wp-content\/uploads\/2026\/09\/bhtghtghth-270x107.png 270w, https:\/\/zaracaytv.com\/wp-content\/uploads\/2026\/09\/bhtghtghth-1200x481.png 1200w, https:\/\/zaracaytv.com\/wp-content\/uploads\/2026\/09\/bhtghtghth.png 1217w\" sizes=\"(max-width: 300px) 100vw, 300px\" \/>El Consejo de Seguridad Ciudadana Provincial de Santo Domingo de los Ts\u00e1chilas sesion\u00f3 este lunes 31 de agosto, durante su octava mesa de trabajo, con la participaci\u00f3n de representantes de varias instituciones vinculadas a la seguridad. Durante la jornada se analiz\u00f3 la situaci\u00f3n del territorio y se plantearon acciones frente a los principales problemas identificados, explic\u00f3 H\u00f3lger Toro, intendente general de Polic\u00eda.<\/p>\n<p>Uno de los temas abordados fue la necesidad de crear una ordenanza para regular la instalaci\u00f3n y uso de c\u00e1maras de videovigilancia en espacios p\u00fablicos. Seg\u00fan lo expuesto durante la reuni\u00f3n, estos dispositivos podr\u00edan ser utilizados con fines no autorizados para alertar a delincuentes sobre la presencia o ejecuci\u00f3n de operativos de seguridad.<\/p>\n<p>Tambi\u00e9n se analizaron distintos temas relacionados con la seguridad ciudadana y se presentaron pedidos y propuestas que deber\u00e1n ser atendidos por las instituciones competentes durante las pr\u00f3ximas semanas. En la reuni\u00f3n participaron autoridades y representantes de entidades que forman parte del sistema de seguridad provincial, se\u00f1al\u00f3 Alfredo Z\u00fa\u00f1iga, director del Consejo de Seguridad Ciudadana de Santo Domingo.<\/p>\n<p>Como parte de los acuerdos, se estableci\u00f3 que el Consejo volver\u00e1 a reunirse dentro de un mes, con el objetivo de evaluar los resultados de las acciones implementadas y medir su impacto en la seguridad de la provincia.<\/p>\n","protected":false},"excerpt":{"rendered":"<p>El Consejo de Seguridad Ciudadana Provincial de Santo Domingo de los Ts\u00e1chilas sesion\u00f3 este lunes 31 de agosto, durante su octava mesa de trabajo, con la participaci\u00f3n de representantes de varias instituciones vinculadas a la seguridad. Durante la jornada se analiz\u00f3 la situaci\u00f3n del territorio y se plantearon acciones frente a los principales problemas identificados, [&hellip;]<\/p>\n","protected":false},"author":7,"featured_media":29010,"comment_status":"closed","ping_status":"closed","sticky":false,"template":"","format":"standard","meta":{"om_disable_all_campaigns":false,"_joinchat":[],"footnotes":""},"categories":[31],"tags":[],"class_list":["post-29016","post","type-post","status-publish","format-standard","has-post-thumbnail","hentry","category-la-region"],"_links":{"self":[{"href":"https:\/\/zaracaytv.com\/index.php?rest_route=\/wp\/v2\/posts\/29016","targetHints":{"allow":["GET"]}}],"collection":[{"href":"https:\/\/zaracaytv.com\/index.php?rest_route=\/wp\/v2\/posts"}],"about":[{"href":"https:\/\/zaracaytv.com\/index.php?rest_route=\/wp\/v2\/types\/post"}],"author":[{"embeddable":true,"href":"https:\/\/zaracaytv.com\/index.php?rest_route=\/wp\/v2\/users\/7"}],"replies":[{"embeddable":true,"href":"https:\/\/zaracaytv.com\/index.php?rest_route=%2Fwp%2Fv2%2Fcomments&post=29016"}],"version-history":[{"count":1,"href":"https:\/\/zaracaytv.com\/index.php?rest_route=\/wp\/v2\/posts\/29016\/revisions"}],"predecessor-version":[{"id":29017,"href":"https:\/\/zaracaytv.com\/index.php?rest_route=\/wp\/v2\/posts\/29016\/revisions\/29017"}],"wp:featuredmedia":[{"embeddable":true,"href":"https:\/\/zaracaytv.com\/index.php?rest_route=\/wp\/v2\/media\/29010"}],"wp:attachment":[{"href":"https:\/\/zaracaytv.com\/index.php?rest_route=%2Fwp%2Fv2%2Fmedia&parent=29016"}],"wp:term":[{"taxonomy":"category","embeddable":true,"href":"https:\/\/zaracaytv.com\/index.php?rest_route=%2Fwp%2Fv2%2Fcategories&post=29016"},{"taxonomy":"post_tag","embeddable":true,"href":"https:\/\/zaracaytv.com\/index.php?rest_route=%2Fwp%2Fv2%2Ftags&post=29016"}],"curies":[{"name":"wp","href":"https:\/\/api.w.org\/{rel}","templated":true}]}}