{"id":29014,"date":"2026-09-01T17:51:57","date_gmt":"2026-09-01T22:51:57","guid":{"rendered":"https:\/\/zaracaytv.com\/?p=29014"},"modified":"2026-09-01T17:53:32","modified_gmt":"2026-09-01T22:53:32","slug":"coe-cantonal-se-mantiene-en-sesion-permanente-ante-el-fenomeno-de-el-nino","status":"publish","type":"post","link":"https:\/\/zaracaytv.com\/?p=29014","title":{"rendered":"COE CANTONAL SE MANTIENE EN SESI\u00d3N PERMANENTE ANTE EL FEN\u00d3MENO DE EL NI\u00d1O"},"content":{"rendered":"<p><img decoding=\"async\" class=\"size-medium wp-image-29009 alignleft\" src=\"https:\/\/zaracaytv.com\/wp-content\/uploads\/2026\/09\/yhjyjj-300x101.png\" alt=\"\" width=\"300\" height=\"101\" srcset=\"https:\/\/zaracaytv.com\/wp-content\/uploads\/2026\/09\/yhjyjj-300x101.png 300w, https:\/\/zaracaytv.com\/wp-content\/uploads\/2026\/09\/yhjyjj-1024x343.png 1024w, https:\/\/zaracaytv.com\/wp-content\/uploads\/2026\/09\/yhjyjj-768x257.png 768w, https:\/\/zaracaytv.com\/wp-content\/uploads\/2026\/09\/yhjyjj-570x191.png 570w, https:\/\/zaracaytv.com\/wp-content\/uploads\/2026\/09\/yhjyjj-270x91.png 270w, https:\/\/zaracaytv.com\/wp-content\/uploads\/2026\/09\/yhjyjj.png 1232w\" sizes=\"(max-width: 300px) 100vw, 300px\" \/>El COE Cantonal de Santo Domingo, con la participaci\u00f3n de los representantes de las instituciones que lo integran, sesion\u00f3 para analizar acciones preventivas ante la declaratoria de emergencia nacional por el fen\u00f3meno de El Ni\u00f1o. Por unanimidad, resolvi\u00f3 mantenerse en sesi\u00f3n permanente para monitorear el territorio y coordinar respuestas oportunas ante posibles afectaciones. As\u00ed lo inform\u00f3 Clara Hinojosa, alcaldesa de Santo Domingo.<\/p>\n<p>Durante la sesi\u00f3n, los representantes de las diferentes \u00e1reas y mesas t\u00e9cnicas plantearon propuestas orientadas a solucionar problemas identificados en distintos sectores y reducir el riesgo de que estos se conviertan en emergencias durante la temporada de lluvias.<\/p>\n<p>Entre las propuestas se plante\u00f3 acelerar los trabajos que se ejecutan en la cooperativa Las Playas, debido a la preocupaci\u00f3n por las condiciones que podr\u00eda generar el incremento de las precipitaciones. Tambi\u00e9n se sugiri\u00f3 establecer una alianza interinstitucional que permita agilizar estas obras y evitar que los trabajos se prolonguen ante la eventual presencia de lluvias intensas.<\/p>\n<p>Otro de los puntos abordados fue la situaci\u00f3n del puente de la parroquia Valle Hermoso. El presidente del Gobierno Parroquial expuso ante las autoridades la preocupaci\u00f3n de los habitantes y detall\u00f3 las gestiones que se han realizado para buscar una soluci\u00f3n al problema de esta infraestructura, considerada importante para la movilidad de la poblaci\u00f3n.<\/p>\n<p>Las autoridades se\u00f1alaron que estos planteamientos deber\u00e1n ser evaluados y atendidos de manera preventiva, con el objetivo de reducir los riesgos y evitar que problemas ya identificados se conviertan en emergencias durante la posible presencia del fen\u00f3meno de El Ni\u00f1o.<\/p>\n","protected":false},"excerpt":{"rendered":"<p>El COE Cantonal de Santo Domingo, con la participaci\u00f3n de los representantes de las instituciones que lo integran, sesion\u00f3 para analizar acciones preventivas ante la declaratoria de emergencia nacional por el fen\u00f3meno de El Ni\u00f1o. Por unanimidad, resolvi\u00f3 mantenerse en sesi\u00f3n permanente para monitorear el territorio y coordinar respuestas oportunas ante posibles afectaciones. As\u00ed lo [&hellip;]<\/p>\n","protected":false},"author":7,"featured_media":29009,"comment_status":"closed","ping_status":"closed","sticky":false,"template":"","format":"standard","meta":{"om_disable_all_campaigns":false,"_joinchat":[],"footnotes":""},"categories":[31],"tags":[],"class_list":["post-29014","post","type-post","status-publish","format-standard","has-post-thumbnail","hentry","category-la-region"],"_links":{"self":[{"href":"https:\/\/zaracaytv.com\/index.php?rest_route=\/wp\/v2\/posts\/29014","targetHints":{"allow":["GET"]}}],"collection":[{"href":"https:\/\/zaracaytv.com\/index.php?rest_route=\/wp\/v2\/posts"}],"about":[{"href":"https:\/\/zaracaytv.com\/index.php?rest_route=\/wp\/v2\/types\/post"}],"author":[{"embeddable":true,"href":"https:\/\/zaracaytv.com\/index.php?rest_route=\/wp\/v2\/users\/7"}],"replies":[{"embeddable":true,"href":"https:\/\/zaracaytv.com\/index.php?rest_route=%2Fwp%2Fv2%2Fcomments&post=29014"}],"version-history":[{"count":2,"href":"https:\/\/zaracaytv.com\/index.php?rest_route=\/wp\/v2\/posts\/29014\/revisions"}],"predecessor-version":[{"id":29018,"href":"https:\/\/zaracaytv.com\/index.php?rest_route=\/wp\/v2\/posts\/29014\/revisions\/29018"}],"wp:featuredmedia":[{"embeddable":true,"href":"https:\/\/zaracaytv.com\/index.php?rest_route=\/wp\/v2\/media\/29009"}],"wp:attachment":[{"href":"https:\/\/zaracaytv.com\/index.php?rest_route=%2Fwp%2Fv2%2Fmedia&parent=29014"}],"wp:term":[{"taxonomy":"category","embeddable":true,"href":"https:\/\/zaracaytv.com\/index.php?rest_route=%2Fwp%2Fv2%2Fcategories&post=29014"},{"taxonomy":"post_tag","embeddable":true,"href":"https:\/\/zaracaytv.com\/index.php?rest_route=%2Fwp%2Fv2%2Ftags&post=29014"}],"curies":[{"name":"wp","href":"https:\/\/api.w.org\/{rel}","templated":true}]}}