{"id":29008,"date":"2026-09-01T17:51:22","date_gmt":"2026-09-01T22:51:22","guid":{"rendered":"https:\/\/zaracaytv.com\/?p=29008"},"modified":"2026-09-01T17:51:22","modified_gmt":"2026-09-01T22:51:22","slug":"alerta-roja-activa-la-prevencion-ante-72-amenazas-en-santo-domingo","status":"publish","type":"post","link":"https:\/\/zaracaytv.com\/?p=29008","title":{"rendered":"ALERTA ROJA ACTIVA LA PREVENCI\u00d3N ANTE 72 AMENAZAS EN SANTO DOMINGO"},"content":{"rendered":"<p><img decoding=\"async\" class=\"size-medium wp-image-29011 alignleft\" src=\"https:\/\/zaracaytv.com\/wp-content\/uploads\/2026\/09\/tyhtyhth-300x122.png\" alt=\"\" width=\"300\" height=\"122\" srcset=\"https:\/\/zaracaytv.com\/wp-content\/uploads\/2026\/09\/tyhtyhth-300x122.png 300w, https:\/\/zaracaytv.com\/wp-content\/uploads\/2026\/09\/tyhtyhth-1024x416.png 1024w, https:\/\/zaracaytv.com\/wp-content\/uploads\/2026\/09\/tyhtyhth-768x312.png 768w, https:\/\/zaracaytv.com\/wp-content\/uploads\/2026\/09\/tyhtyhth-570x231.png 570w, https:\/\/zaracaytv.com\/wp-content\/uploads\/2026\/09\/tyhtyhth-270x110.png 270w, https:\/\/zaracaytv.com\/wp-content\/uploads\/2026\/09\/tyhtyhth.png 1244w\" sizes=\"(max-width: 300px) 100vw, 300px\" \/>Ecuador enfrenta una alerta roja ante la activaci\u00f3n del fen\u00f3meno de El Ni\u00f1o, escenario que obliga a fortalecer desde ahora la preparaci\u00f3n y la capacidad de respuesta. En Santo Domingo de los Ts\u00e1chilas, donde se han identificado 72 amenazas, la Cruz Roja Ecuatoriana advierte que los posibles efectos no se limitar\u00edan a las lluvias y podr\u00edan incluir inundaciones, deslizamientos, da\u00f1os en v\u00edas y puentes y afectaciones a la producci\u00f3n. Sergio Ramos, representante de la Cruz Roja Ecuatoriana, se\u00f1al\u00f3 que el pa\u00eds ya tiene antecedentes de los eventos catastr\u00f3ficos, por lo que esta experiencia debe servir para anticiparse a los riesgos.<\/p>\n<p>Insisti\u00f3 en la necesidad de identificar zonas vulnerables, realizar mantenimiento de la infraestructura, estabilizar taludes y preparar recursos, adem\u00e1s de fortalecer la coordinaci\u00f3n entre autoridades y organismos de socorro.<\/p>\n<p>Desde el ECU 911 tambi\u00e9n se inform\u00f3 que existe un protocolo establecido para actuar ante posibles emergencias. Eduardo Navas, jefe del centro operativo local , explic\u00f3 que el monitoreo ser\u00e1 permanente y que actualmente el 95 % de las c\u00e1maras de videovigilancia se encuentran operativas para apoyar la identificaci\u00f3n y seguimiento de incidentes.<\/p>\n<p>Como parte de las acciones preventivas, el ECU 911 ha identificado tres puntos cr\u00edticos durante la temporada invernal. Estos sectores ser\u00e1n incluidos en el monitoreo para detectar oportunamente situaciones que puedan representar un riesgo para la poblaci\u00f3n.<\/p>\n<p>Ante este escenario, la prevenci\u00f3n tambi\u00e9n comienza en casa.<\/p>\n<p>Las autoridades y organismos de respuesta exhortan a la ciudadan\u00eda a identificar las zonas de riesgo, conocer las rutas de evacuaci\u00f3n y los sistemas de alerta temprana, adem\u00e1s de contar con un plan familiar de emergencia. La alerta roja no significa esperar a que ocurra el desastre, sino actuar con anticipaci\u00f3n para reducir sus posibles impactos.<\/p>\n","protected":false},"excerpt":{"rendered":"<p>Ecuador enfrenta una alerta roja ante la activaci\u00f3n del fen\u00f3meno de El Ni\u00f1o, escenario que obliga a fortalecer desde ahora la preparaci\u00f3n y la capacidad de respuesta. En Santo Domingo de los Ts\u00e1chilas, donde se han identificado 72 amenazas, la Cruz Roja Ecuatoriana advierte que los posibles efectos no se limitar\u00edan a las lluvias y [&hellip;]<\/p>\n","protected":false},"author":7,"featured_media":29011,"comment_status":"closed","ping_status":"closed","sticky":false,"template":"","format":"standard","meta":{"om_disable_all_campaigns":false,"_joinchat":[],"footnotes":""},"categories":[31],"tags":[],"class_list":["post-29008","post","type-post","status-publish","format-standard","has-post-thumbnail","hentry","category-la-region"],"_links":{"self":[{"href":"https:\/\/zaracaytv.com\/index.php?rest_route=\/wp\/v2\/posts\/29008","targetHints":{"allow":["GET"]}}],"collection":[{"href":"https:\/\/zaracaytv.com\/index.php?rest_route=\/wp\/v2\/posts"}],"about":[{"href":"https:\/\/zaracaytv.com\/index.php?rest_route=\/wp\/v2\/types\/post"}],"author":[{"embeddable":true,"href":"https:\/\/zaracaytv.com\/index.php?rest_route=\/wp\/v2\/users\/7"}],"replies":[{"embeddable":true,"href":"https:\/\/zaracaytv.com\/index.php?rest_route=%2Fwp%2Fv2%2Fcomments&post=29008"}],"version-history":[{"count":1,"href":"https:\/\/zaracaytv.com\/index.php?rest_route=\/wp\/v2\/posts\/29008\/revisions"}],"predecessor-version":[{"id":29013,"href":"https:\/\/zaracaytv.com\/index.php?rest_route=\/wp\/v2\/posts\/29008\/revisions\/29013"}],"wp:featuredmedia":[{"embeddable":true,"href":"https:\/\/zaracaytv.com\/index.php?rest_route=\/wp\/v2\/media\/29011"}],"wp:attachment":[{"href":"https:\/\/zaracaytv.com\/index.php?rest_route=%2Fwp%2Fv2%2Fmedia&parent=29008"}],"wp:term":[{"taxonomy":"category","embeddable":true,"href":"https:\/\/zaracaytv.com\/index.php?rest_route=%2Fwp%2Fv2%2Fcategories&post=29008"},{"taxonomy":"post_tag","embeddable":true,"href":"https:\/\/zaracaytv.com\/index.php?rest_route=%2Fwp%2Fv2%2Ftags&post=29008"}],"curies":[{"name":"wp","href":"https:\/\/api.w.org\/{rel}","templated":true}]}}