{"id":29004,"date":"2026-09-01T17:27:25","date_gmt":"2026-09-01T22:27:25","guid":{"rendered":"https:\/\/zaracaytv.com\/?p=29004"},"modified":"2026-09-01T17:27:25","modified_gmt":"2026-09-01T22:27:25","slug":"la-ampliacion-a-4-carriles-de-la-via-quevedo-tiene-un-75-de-avance","status":"publish","type":"post","link":"https:\/\/zaracaytv.com\/?p=29004","title":{"rendered":"LA AMPLIACI\u00d3N A 4 CARRILES DE LA V\u00cdA QUEVEDO TIENE UN 75% DE AVANCE"},"content":{"rendered":"<p><img decoding=\"async\" class=\"size-medium wp-image-29000 alignleft\" src=\"https:\/\/zaracaytv.com\/wp-content\/uploads\/2026\/09\/mjmjmj-300x125.png\" alt=\"\" width=\"300\" height=\"125\" srcset=\"https:\/\/zaracaytv.com\/wp-content\/uploads\/2026\/09\/mjmjmj-300x125.png 300w, https:\/\/zaracaytv.com\/wp-content\/uploads\/2026\/09\/mjmjmj-1024x425.png 1024w, https:\/\/zaracaytv.com\/wp-content\/uploads\/2026\/09\/mjmjmj-768x319.png 768w, https:\/\/zaracaytv.com\/wp-content\/uploads\/2026\/09\/mjmjmj-570x237.png 570w, https:\/\/zaracaytv.com\/wp-content\/uploads\/2026\/09\/mjmjmj-270x112.png 270w, https:\/\/zaracaytv.com\/wp-content\/uploads\/2026\/09\/mjmjmj-556x234.png 556w, https:\/\/zaracaytv.com\/wp-content\/uploads\/2026\/09\/mjmjmj.png 1192w\" sizes=\"(max-width: 300px) 100vw, 300px\" \/>La ampliaci\u00f3n a cuatro carriles de la v\u00eda Santo Domingo\u2013Buena Fe registra un avance del 75 %. En el tramo correspondiente a la provincia Santo Domingo de los Ts\u00e1chilas, los trabajos est\u00e1n pr\u00f3ximos a concluir, se\u00f1al\u00f3 Jampier Cede\u00f1o, director distrital del Ministerio de Infraestructura y Transporte, quien destac\u00f3 que la obra se ejecuta dentro de los plazos establecidos, con un periodo de construcci\u00f3n previsto de cuatro a\u00f1os.<\/p>\n<p>No obstante, Roberto Flor, presidente del Frente Ciudadano de la v\u00eda Quevedo, cuestion\u00f3 que el material de fresado retirado de la carretera no estar\u00eda siendo entregado a las comunidades. Asegur\u00f3 que apenas un 5 % de este material ha sido distribuido entre algunos sectores de la jurisdicci\u00f3n de Santo Domingo.<\/p>\n<p>A esta situaci\u00f3n se suma el reclamo de los comuneros de las parroquias El Esfuerzo, Luz de Am\u00e9rica y Santa Mar\u00eda del Toachi, quienes aseguran que desde hace seis meses ya no reciben el descuento del 50 % en el peaje C\u00f3ngoma, beneficio del que anteriormente gozaban al utilizar esta v\u00eda.<\/p>\n<p>Cede\u00f1o, se\u00f1al\u00f3 que se buscar\u00e1 analizar esta problem\u00e1tica, pues el fresado es un bien p\u00fablico que debe ser entregado a las comunidades que lo necesiten. Adem\u00e1s, acot\u00f3 que se analizar\u00e1 la problem\u00e1tica de la eliminaci\u00f3n de los subsidios en el peaje C\u00f3ngoma.<\/p>\n<p>Esta importante obra contempla una concesi\u00f3n de 30 a\u00f1os otorgada por el Ministerio de Infraestructura y Transporte a COSAD 25, para intervenir aproximadamente 113 kil\u00f3metros de la v\u00eda Santo Domingo\u2013Buena Fe.<\/p>\n<p>&nbsp;<\/p>\n","protected":false},"excerpt":{"rendered":"<p>La ampliaci\u00f3n a cuatro carriles de la v\u00eda Santo Domingo\u2013Buena Fe registra un avance del 75 %. En el tramo correspondiente a la provincia Santo Domingo de los Ts\u00e1chilas, los trabajos est\u00e1n pr\u00f3ximos a concluir, se\u00f1al\u00f3 Jampier Cede\u00f1o, director distrital del Ministerio de Infraestructura y Transporte, quien destac\u00f3 que la obra se ejecuta dentro de [&hellip;]<\/p>\n","protected":false},"author":7,"featured_media":29000,"comment_status":"closed","ping_status":"closed","sticky":false,"template":"","format":"standard","meta":{"om_disable_all_campaigns":false,"_joinchat":[],"footnotes":""},"categories":[31],"tags":[],"class_list":["post-29004","post","type-post","status-publish","format-standard","has-post-thumbnail","hentry","category-la-region"],"_links":{"self":[{"href":"https:\/\/zaracaytv.com\/index.php?rest_route=\/wp\/v2\/posts\/29004","targetHints":{"allow":["GET"]}}],"collection":[{"href":"https:\/\/zaracaytv.com\/index.php?rest_route=\/wp\/v2\/posts"}],"about":[{"href":"https:\/\/zaracaytv.com\/index.php?rest_route=\/wp\/v2\/types\/post"}],"author":[{"embeddable":true,"href":"https:\/\/zaracaytv.com\/index.php?rest_route=\/wp\/v2\/users\/7"}],"replies":[{"embeddable":true,"href":"https:\/\/zaracaytv.com\/index.php?rest_route=%2Fwp%2Fv2%2Fcomments&post=29004"}],"version-history":[{"count":1,"href":"https:\/\/zaracaytv.com\/index.php?rest_route=\/wp\/v2\/posts\/29004\/revisions"}],"predecessor-version":[{"id":29005,"href":"https:\/\/zaracaytv.com\/index.php?rest_route=\/wp\/v2\/posts\/29004\/revisions\/29005"}],"wp:featuredmedia":[{"embeddable":true,"href":"https:\/\/zaracaytv.com\/index.php?rest_route=\/wp\/v2\/media\/29000"}],"wp:attachment":[{"href":"https:\/\/zaracaytv.com\/index.php?rest_route=%2Fwp%2Fv2%2Fmedia&parent=29004"}],"wp:term":[{"taxonomy":"category","embeddable":true,"href":"https:\/\/zaracaytv.com\/index.php?rest_route=%2Fwp%2Fv2%2Fcategories&post=29004"},{"taxonomy":"post_tag","embeddable":true,"href":"https:\/\/zaracaytv.com\/index.php?rest_route=%2Fwp%2Fv2%2Ftags&post=29004"}],"curies":[{"name":"wp","href":"https:\/\/api.w.org\/{rel}","templated":true}]}}